{"id":449,"date":"2026-04-02T23:45:40","date_gmt":"2026-04-03T02:45:40","guid":{"rendered":"https:\/\/www.vamosdelongevidade.com.br\/blog\/?p=449"},"modified":"2026-04-02T23:49:05","modified_gmt":"2026-04-03T02:49:05","slug":"pnl-e-longevidade","status":"publish","type":"post","link":"https:\/\/www.vamosdelongevidade.com.br\/blog\/pnl-e-longevidade\/","title":{"rendered":"PNL e Longevidade: A ferramenta mental que sustenta seus pilares de sa\u00fade"},"content":{"rendered":"\n<p>No <strong>Vamos de Longevidade (VdL)<\/strong>, acreditamos que viver muito e bem n\u00e3o depende de um \u00fanico fator, mas de Acreditamos que viver muito e bem n\u00e3o depende de um \u00fanico fator, mas de um conjunto de pilares: sono reparador, hidrata\u00e7\u00e3o, espiritualidade, alimenta\u00e7\u00e3o e movimento. No entanto, existe um desafio comum: por que \u00e9 t\u00e3o dif\u00edcil manter esses h\u00e1bitos?<\/p>\n\n\n\n<p>\u00c9 aqui que entra a PNL (Programa\u00e7\u00e3o Neurolingu\u00edstica). Ela n\u00e3o \u00e9 uma solu\u00e7\u00e3o isolada, mas sim uma das pr\u00e1ticas fundamentais que integramos aos nossos pilares para garantir que a sua jornada seja sustent\u00e1vel e prazerosa.<\/p>\n\n\n\n<h2 class=\"wp-block-heading\">A PNL como suporte para a longevidade<\/h2>\n\n\n\n<p>A PNL funciona como o &#8220;sistema operacional&#8221; que ajuda voc\u00ea a executar todos os outros pilares do autocuidado. Sem uma mente programada, o melhor plano de sa\u00fade do mundo falha diante da autossabotagem.<\/p>\n\n\n\n<h3 class=\"wp-block-heading\">O olhar cient\u00edfico e a origem<\/h3>\n\n\n\n<p>Criada nos anos 70 por Richard Bandler e John Grinder, a PNL nasceu da modelagem de pessoas extraordin\u00e1rias. Hoje, ela \u00e9 validada pela neuroplasticidade (a capacidade do c\u00e9rebro de criar novas conex\u00f5es) e pela psiconeuroimunologia (que estuda como seus pensamentos afetam sua imunidade).<\/p>\n\n\n\n<p>No VdL, usamos essa ci\u00eancia para que voc\u00ea n\u00e3o precise apenas de &#8220;for\u00e7a de vontade&#8221;, mas sim de estrat\u00e9gia mental.<\/p>\n\n\n\n<h2 class=\"wp-block-heading\">Como a PNL potencializa os pilares no app VdL<\/h2>\n\n\n\n<p>No nosso aplicativo, a PNL \u00e9 a ferramenta pr\u00e1tica que resolve queixas reais que travam sua longevidade:<\/p>\n\n\n\n<ul class=\"wp-block-list\">\n<li><strong>Pilar do sono:<\/strong> Usamos t\u00e9cnicas de desativa\u00e7\u00e3o visual para &#8220;silenciar&#8221; a mente agitada, permitindo que o corpo relaxe e produza melatonina.<\/li>\n\n\n\n<li><strong>Pilar da nutri\u00e7\u00e3o:<\/strong> Atrav\u00e9s da ressignifica\u00e7\u00e3o, ajudamos voc\u00ea a trocar o prazer imediato da comida ultraprocessada pelo prazer duradouro de um corpo vital e leve.<\/li>\n\n\n\n<li><strong>Pilar da espiritualidade e foco:<\/strong> Criamos &#8220;\u00e2ncoras&#8221; para que voc\u00ea acesse estados de gratid\u00e3o e conex\u00e3o com o criador de forma consciente, diminuindo o estresse oxidativo das c\u00e9lulas.<\/li>\n<\/ul>\n\n\n\n<h2 class=\"wp-block-heading\">O ciclo dos 21 dias: consolidando a mudan\u00e7a<\/h2>\n\n\n\n<p>A PNL \u00e9 o que torna a regra dos 21 dias poss\u00edvel. Cientificamente, esse \u00e9 o tempo necess\u00e1rio para o c\u00e9rebro criar um &#8220;engrama neural&#8221; (um novo caminho f\u00edsico).<\/p>\n\n\n\n<p>Ao usar as pr\u00e1ticas de PNL do aplicativo VdL durante 21 dias, voc\u00ea n\u00e3o est\u00e1 apenas &#8220;tentando&#8221; mudar; voc\u00ea est\u00e1 reprogramando sua biologia para que, no 22\u00ba dia, escolher a longevidade seja algo natural, e n\u00e3o um sacrif\u00edcio.<\/p>\n\n\n\n<h2 class=\"wp-block-heading\">Conclus\u00e3o: um ecossistema de vida<\/h2>\n\n\n\n<p>A longevidade \u00e9 um mosaico. A PNL \u00e9 a cola que mant\u00e9m as pe\u00e7as &#8211; sono, \u00e1gua, f\u00e9 e movimento &#8211; unidas e firmes. No Vamos de Longevidade, entregamos a tecnologia e a sabedoria terap\u00eautica para que sua mente trabalhe a favor do seu corpo, e nunca contra ele.<\/p>\n","protected":false},"excerpt":{"rendered":"<p>No Vamos de Longevidade (VdL), acreditamos que viver muito e bem n\u00e3o depende de um \u00fanico fator, mas de Acreditamos que viver muito e bem n\u00e3o depende de um \u00fanico fator, mas de um conjunto de pilares: sono reparador, hidrata\u00e7\u00e3o, espiritualidade, alimenta\u00e7\u00e3o e movimento. No entanto, existe um desafio comum: por que \u00e9 t\u00e3o dif\u00edcil [&hellip;]<\/p>\n","protected":false},"author":2,"featured_media":450,"comment_status":"open","ping_status":"open","sticky":false,"template":"","format":"standard","meta":{"destaque":"","footnotes":""},"categories":[68],"tags":[],"class_list":["post-449","post","type-post","status-publish","format-standard","has-post-thumbnail","hentry","category-pnl"],"yoast_head":"<!-- This site is optimized with the Yoast SEO plugin v27.3 - https:\/\/yoast.com\/product\/yoast-seo-wordpress\/ -->\n<title>PNL e Longevidade: A ferramenta mental que sustenta seus pilares de sa\u00fade - Blog Vamos de Longevidade<\/title>\n<meta name=\"robots\" content=\"index, follow, max-snippet:-1, max-image-preview:large, max-video-preview:-1\" \/>\n<link rel=\"canonical\" href=\"https:\/\/www.vamosdelongevidade.com.br\/blog\/pnl-e-longevidade\/\" \/>\n<meta property=\"og:locale\" content=\"pt_BR\" \/>\n<meta property=\"og:type\" content=\"article\" \/>\n<meta property=\"og:title\" content=\"PNL e Longevidade: A ferramenta mental que sustenta seus pilares de sa\u00fade - Blog Vamos de Longevidade\" \/>\n<meta property=\"og:description\" content=\"No Vamos de Longevidade (VdL), acreditamos que viver muito e bem n\u00e3o depende de um \u00fanico fator, mas de Acreditamos que viver muito e bem n\u00e3o depende de um \u00fanico fator, mas de um conjunto de pilares: sono reparador, hidrata\u00e7\u00e3o, espiritualidade, alimenta\u00e7\u00e3o e movimento. No entanto, existe um desafio comum: por que \u00e9 t\u00e3o dif\u00edcil [&hellip;]\" \/>\n<meta property=\"og:url\" content=\"https:\/\/www.vamosdelongevidade.com.br\/blog\/pnl-e-longevidade\/\" \/>\n<meta property=\"og:site_name\" content=\"Blog Vamos de Longevidade\" \/>\n<meta property=\"article:publisher\" content=\"https:\/\/www.facebook.com\/vamosdelongevidade\" \/>\n<meta property=\"article:published_time\" content=\"2026-04-03T02:45:40+00:00\" \/>\n<meta property=\"article:modified_time\" content=\"2026-04-03T02:49:05+00:00\" \/>\n<meta property=\"og:image\" content=\"https:\/\/www.vamosdelongevidade.com.br\/blog\/wp-content\/uploads\/2026\/04\/pnl-e-longevidade.jpg\" \/>\n\t<meta property=\"og:image:width\" content=\"1075\" \/>\n\t<meta property=\"og:image:height\" content=\"740\" \/>\n\t<meta property=\"og:image:type\" content=\"image\/jpeg\" \/>\n<meta name=\"author\" content=\"Priscila Diana\" \/>\n<meta name=\"twitter:card\" content=\"summary_large_image\" \/>\n<meta name=\"twitter:creator\" content=\"@VDLongevidade\" \/>\n<meta name=\"twitter:site\" content=\"@VDLongevidade\" \/>\n<meta name=\"twitter:label1\" content=\"Escrito por\" \/>\n\t<meta name=\"twitter:data1\" content=\"Priscila Diana\" \/>\n\t<meta name=\"twitter:label2\" content=\"Est. tempo de leitura\" \/>\n\t<meta name=\"twitter:data2\" content=\"2 minutos\" \/>\n<script type=\"application\/ld+json\" class=\"yoast-schema-graph\">{\"@context\":\"https:\\\/\\\/schema.org\",\"@graph\":[{\"@type\":\"Article\",\"@id\":\"https:\\\/\\\/www.vamosdelongevidade.com.br\\\/blog\\\/pnl-e-longevidade\\\/#article\",\"isPartOf\":{\"@id\":\"https:\\\/\\\/www.vamosdelongevidade.com.br\\\/blog\\\/pnl-e-longevidade\\\/\"},\"author\":{\"name\":\"Priscila Diana\",\"@id\":\"https:\\\/\\\/www.vamosdelongevidade.com.br\\\/blog\\\/#\\\/schema\\\/person\\\/e363044733616a3342ddb2ff2f367db4\"},\"headline\":\"PNL e Longevidade: A ferramenta mental que sustenta seus pilares de sa\u00fade\",\"datePublished\":\"2026-04-03T02:45:40+00:00\",\"dateModified\":\"2026-04-03T02:49:05+00:00\",\"mainEntityOfPage\":{\"@id\":\"https:\\\/\\\/www.vamosdelongevidade.com.br\\\/blog\\\/pnl-e-longevidade\\\/\"},\"wordCount\":474,\"commentCount\":0,\"publisher\":{\"@id\":\"https:\\\/\\\/www.vamosdelongevidade.com.br\\\/blog\\\/#organization\"},\"image\":{\"@id\":\"https:\\\/\\\/www.vamosdelongevidade.com.br\\\/blog\\\/pnl-e-longevidade\\\/#primaryimage\"},\"thumbnailUrl\":\"https:\\\/\\\/www.vamosdelongevidade.com.br\\\/blog\\\/wp-content\\\/uploads\\\/2026\\\/04\\\/pnl-e-longevidade.jpg\",\"articleSection\":[\"PNL\"],\"inLanguage\":\"pt-BR\",\"potentialAction\":[{\"@type\":\"CommentAction\",\"name\":\"Comment\",\"target\":[\"https:\\\/\\\/www.vamosdelongevidade.com.br\\\/blog\\\/pnl-e-longevidade\\\/#respond\"]}]},{\"@type\":\"WebPage\",\"@id\":\"https:\\\/\\\/www.vamosdelongevidade.com.br\\\/blog\\\/pnl-e-longevidade\\\/\",\"url\":\"https:\\\/\\\/www.vamosdelongevidade.com.br\\\/blog\\\/pnl-e-longevidade\\\/\",\"name\":\"PNL e Longevidade: A ferramenta mental que sustenta seus pilares de sa\u00fade - Blog Vamos de Longevidade\",\"isPartOf\":{\"@id\":\"https:\\\/\\\/www.vamosdelongevidade.com.br\\\/blog\\\/#website\"},\"primaryImageOfPage\":{\"@id\":\"https:\\\/\\\/www.vamosdelongevidade.com.br\\\/blog\\\/pnl-e-longevidade\\\/#primaryimage\"},\"image\":{\"@id\":\"https:\\\/\\\/www.vamosdelongevidade.com.br\\\/blog\\\/pnl-e-longevidade\\\/#primaryimage\"},\"thumbnailUrl\":\"https:\\\/\\\/www.vamosdelongevidade.com.br\\\/blog\\\/wp-content\\\/uploads\\\/2026\\\/04\\\/pnl-e-longevidade.jpg\",\"datePublished\":\"2026-04-03T02:45:40+00:00\",\"dateModified\":\"2026-04-03T02:49:05+00:00\",\"breadcrumb\":{\"@id\":\"https:\\\/\\\/www.vamosdelongevidade.com.br\\\/blog\\\/pnl-e-longevidade\\\/#breadcrumb\"},\"inLanguage\":\"pt-BR\",\"potentialAction\":[{\"@type\":\"ReadAction\",\"target\":[\"https:\\\/\\\/www.vamosdelongevidade.com.br\\\/blog\\\/pnl-e-longevidade\\\/\"]}]},{\"@type\":\"ImageObject\",\"inLanguage\":\"pt-BR\",\"@id\":\"https:\\\/\\\/www.vamosdelongevidade.com.br\\\/blog\\\/pnl-e-longevidade\\\/#primaryimage\",\"url\":\"https:\\\/\\\/www.vamosdelongevidade.com.br\\\/blog\\\/wp-content\\\/uploads\\\/2026\\\/04\\\/pnl-e-longevidade.jpg\",\"contentUrl\":\"https:\\\/\\\/www.vamosdelongevidade.com.br\\\/blog\\\/wp-content\\\/uploads\\\/2026\\\/04\\\/pnl-e-longevidade.jpg\",\"width\":1075,\"height\":740,\"caption\":\"PNL e Longevidade: A ferramenta mental que sustenta seus pilares de sa\u00fade\"},{\"@type\":\"BreadcrumbList\",\"@id\":\"https:\\\/\\\/www.vamosdelongevidade.com.br\\\/blog\\\/pnl-e-longevidade\\\/#breadcrumb\",\"itemListElement\":[{\"@type\":\"ListItem\",\"position\":1,\"name\":\"In\u00edcio\",\"item\":\"https:\\\/\\\/www.vamosdelongevidade.com.br\\\/blog\\\/\"},{\"@type\":\"ListItem\",\"position\":2,\"name\":\"PNL e Longevidade: A ferramenta mental que sustenta seus pilares de sa\u00fade\"}]},{\"@type\":\"WebSite\",\"@id\":\"https:\\\/\\\/www.vamosdelongevidade.com.br\\\/blog\\\/#website\",\"url\":\"https:\\\/\\\/www.vamosdelongevidade.com.br\\\/blog\\\/\",\"name\":\"Blog Vamos de Longevidade\",\"description\":\"Decida agora, comece hoje\",\"publisher\":{\"@id\":\"https:\\\/\\\/www.vamosdelongevidade.com.br\\\/blog\\\/#organization\"},\"potentialAction\":[{\"@type\":\"SearchAction\",\"target\":{\"@type\":\"EntryPoint\",\"urlTemplate\":\"https:\\\/\\\/www.vamosdelongevidade.com.br\\\/blog\\\/?s={search_term_string}\"},\"query-input\":{\"@type\":\"PropertyValueSpecification\",\"valueRequired\":true,\"valueName\":\"search_term_string\"}}],\"inLanguage\":\"pt-BR\"},{\"@type\":\"Organization\",\"@id\":\"https:\\\/\\\/www.vamosdelongevidade.com.br\\\/blog\\\/#organization\",\"name\":\"Blog Vamos de Longevidade\",\"url\":\"https:\\\/\\\/www.vamosdelongevidade.com.br\\\/blog\\\/\",\"logo\":{\"@type\":\"ImageObject\",\"inLanguage\":\"pt-BR\",\"@id\":\"https:\\\/\\\/www.vamosdelongevidade.com.br\\\/blog\\\/#\\\/schema\\\/logo\\\/image\\\/\",\"url\":\"https:\\\/\\\/www.vamosdelongevidade.com.br\\\/blog\\\/wp-content\\\/uploads\\\/2026\\\/02\\\/logo-vdl.png\",\"contentUrl\":\"https:\\\/\\\/www.vamosdelongevidade.com.br\\\/blog\\\/wp-content\\\/uploads\\\/2026\\\/02\\\/logo-vdl.png\",\"width\":768,\"height\":298,\"caption\":\"Blog Vamos de Longevidade\"},\"image\":{\"@id\":\"https:\\\/\\\/www.vamosdelongevidade.com.br\\\/blog\\\/#\\\/schema\\\/logo\\\/image\\\/\"},\"sameAs\":[\"https:\\\/\\\/www.facebook.com\\\/vamosdelongevidade\",\"https:\\\/\\\/x.com\\\/VDLongevidade\",\"https:\\\/\\\/www.instagram.com\\\/vamosdelongevidade\",\"https:\\\/\\\/www.youtube.com\\\/@vamosdelongevidade\",\"https:\\\/\\\/www.tiktok.com\\\/@vamosdelongevidade\",\"https:\\\/\\\/br.pinterest.com\\\/vamosdelongevidade\"]},{\"@type\":\"Person\",\"@id\":\"https:\\\/\\\/www.vamosdelongevidade.com.br\\\/blog\\\/#\\\/schema\\\/person\\\/e363044733616a3342ddb2ff2f367db4\",\"name\":\"Priscila Diana\",\"image\":{\"@type\":\"ImageObject\",\"inLanguage\":\"pt-BR\",\"@id\":\"https:\\\/\\\/www.vamosdelongevidade.com.br\\\/blog\\\/wp-content\\\/uploads\\\/2026\\\/04\\\/priscila-diana.jpg\",\"url\":\"https:\\\/\\\/www.vamosdelongevidade.com.br\\\/blog\\\/wp-content\\\/uploads\\\/2026\\\/04\\\/priscila-diana.jpg\",\"contentUrl\":\"https:\\\/\\\/www.vamosdelongevidade.com.br\\\/blog\\\/wp-content\\\/uploads\\\/2026\\\/04\\\/priscila-diana.jpg\",\"caption\":\"Priscila Diana\"},\"description\":\"Formada em Recursos Humanos, com dois anos de atua\u00e7\u00e3o na \u00e1rea. Desde 2019, facilita processos terap\u00eauticos como Naturopata Hol\u00edstica, consolidando uma bagagem cl\u00ednica que une viv\u00eancia pr\u00e1tica a um m\u00e9todo educativo. P\u00f3s-graduanda em Psican\u00e1lise, Constela\u00e7\u00e3o Familiar e Terapias Naturais, \u00e9 Mestra Reiki e idealizadora do VDL. Sua miss\u00e3o \u00e9 tornar acess\u00edveis informa\u00e7\u00f5es e h\u00e1bitos di\u00e1rios que promovem longevidade e presen\u00e7a de forma hol\u00edstica.\",\"url\":\"https:\\\/\\\/www.vamosdelongevidade.com.br\\\/blog\\\/author\\\/prisciladiana\\\/\"}]}<\/script>\n<!-- \/ Yoast SEO plugin. -->","yoast_head_json":{"title":"PNL e Longevidade: A ferramenta mental que sustenta seus pilares de sa\u00fade - Blog Vamos de Longevidade","robots":{"index":"index","follow":"follow","max-snippet":"max-snippet:-1","max-image-preview":"max-image-preview:large","max-video-preview":"max-video-preview:-1"},"canonical":"https:\/\/www.vamosdelongevidade.com.br\/blog\/pnl-e-longevidade\/","og_locale":"pt_BR","og_type":"article","og_title":"PNL e Longevidade: A ferramenta mental que sustenta seus pilares de sa\u00fade - Blog Vamos de Longevidade","og_description":"No Vamos de Longevidade (VdL), acreditamos que viver muito e bem n\u00e3o depende de um \u00fanico fator, mas de Acreditamos que viver muito e bem n\u00e3o depende de um \u00fanico fator, mas de um conjunto de pilares: sono reparador, hidrata\u00e7\u00e3o, espiritualidade, alimenta\u00e7\u00e3o e movimento. No entanto, existe um desafio comum: por que \u00e9 t\u00e3o dif\u00edcil [&hellip;]","og_url":"https:\/\/www.vamosdelongevidade.com.br\/blog\/pnl-e-longevidade\/","og_site_name":"Blog Vamos de Longevidade","article_publisher":"https:\/\/www.facebook.com\/vamosdelongevidade","article_published_time":"2026-04-03T02:45:40+00:00","article_modified_time":"2026-04-03T02:49:05+00:00","og_image":[{"width":1075,"height":740,"url":"https:\/\/www.vamosdelongevidade.com.br\/blog\/wp-content\/uploads\/2026\/04\/pnl-e-longevidade.jpg","type":"image\/jpeg"}],"author":"Priscila Diana","twitter_card":"summary_large_image","twitter_creator":"@VDLongevidade","twitter_site":"@VDLongevidade","twitter_misc":{"Escrito por":"Priscila Diana","Est. tempo de leitura":"2 minutos"},"schema":{"@context":"https:\/\/schema.org","@graph":[{"@type":"Article","@id":"https:\/\/www.vamosdelongevidade.com.br\/blog\/pnl-e-longevidade\/#article","isPartOf":{"@id":"https:\/\/www.vamosdelongevidade.com.br\/blog\/pnl-e-longevidade\/"},"author":{"name":"Priscila Diana","@id":"https:\/\/www.vamosdelongevidade.com.br\/blog\/#\/schema\/person\/e363044733616a3342ddb2ff2f367db4"},"headline":"PNL e Longevidade: A ferramenta mental que sustenta seus pilares de sa\u00fade","datePublished":"2026-04-03T02:45:40+00:00","dateModified":"2026-04-03T02:49:05+00:00","mainEntityOfPage":{"@id":"https:\/\/www.vamosdelongevidade.com.br\/blog\/pnl-e-longevidade\/"},"wordCount":474,"commentCount":0,"publisher":{"@id":"https:\/\/www.vamosdelongevidade.com.br\/blog\/#organization"},"image":{"@id":"https:\/\/www.vamosdelongevidade.com.br\/blog\/pnl-e-longevidade\/#primaryimage"},"thumbnailUrl":"https:\/\/www.vamosdelongevidade.com.br\/blog\/wp-content\/uploads\/2026\/04\/pnl-e-longevidade.jpg","articleSection":["PNL"],"inLanguage":"pt-BR","potentialAction":[{"@type":"CommentAction","name":"Comment","target":["https:\/\/www.vamosdelongevidade.com.br\/blog\/pnl-e-longevidade\/#respond"]}]},{"@type":"WebPage","@id":"https:\/\/www.vamosdelongevidade.com.br\/blog\/pnl-e-longevidade\/","url":"https:\/\/www.vamosdelongevidade.com.br\/blog\/pnl-e-longevidade\/","name":"PNL e Longevidade: A ferramenta mental que sustenta seus pilares de sa\u00fade - Blog Vamos de Longevidade","isPartOf":{"@id":"https:\/\/www.vamosdelongevidade.com.br\/blog\/#website"},"primaryImageOfPage":{"@id":"https:\/\/www.vamosdelongevidade.com.br\/blog\/pnl-e-longevidade\/#primaryimage"},"image":{"@id":"https:\/\/www.vamosdelongevidade.com.br\/blog\/pnl-e-longevidade\/#primaryimage"},"thumbnailUrl":"https:\/\/www.vamosdelongevidade.com.br\/blog\/wp-content\/uploads\/2026\/04\/pnl-e-longevidade.jpg","datePublished":"2026-04-03T02:45:40+00:00","dateModified":"2026-04-03T02:49:05+00:00","breadcrumb":{"@id":"https:\/\/www.vamosdelongevidade.com.br\/blog\/pnl-e-longevidade\/#breadcrumb"},"inLanguage":"pt-BR","potentialAction":[{"@type":"ReadAction","target":["https:\/\/www.vamosdelongevidade.com.br\/blog\/pnl-e-longevidade\/"]}]},{"@type":"ImageObject","inLanguage":"pt-BR","@id":"https:\/\/www.vamosdelongevidade.com.br\/blog\/pnl-e-longevidade\/#primaryimage","url":"https:\/\/www.vamosdelongevidade.com.br\/blog\/wp-content\/uploads\/2026\/04\/pnl-e-longevidade.jpg","contentUrl":"https:\/\/www.vamosdelongevidade.com.br\/blog\/wp-content\/uploads\/2026\/04\/pnl-e-longevidade.jpg","width":1075,"height":740,"caption":"PNL e Longevidade: A ferramenta mental que sustenta seus pilares de sa\u00fade"},{"@type":"BreadcrumbList","@id":"https:\/\/www.vamosdelongevidade.com.br\/blog\/pnl-e-longevidade\/#breadcrumb","itemListElement":[{"@type":"ListItem","position":1,"name":"In\u00edcio","item":"https:\/\/www.vamosdelongevidade.com.br\/blog\/"},{"@type":"ListItem","position":2,"name":"PNL e Longevidade: A ferramenta mental que sustenta seus pilares de sa\u00fade"}]},{"@type":"WebSite","@id":"https:\/\/www.vamosdelongevidade.com.br\/blog\/#website","url":"https:\/\/www.vamosdelongevidade.com.br\/blog\/","name":"Blog Vamos de Longevidade","description":"Decida agora, comece hoje","publisher":{"@id":"https:\/\/www.vamosdelongevidade.com.br\/blog\/#organization"},"potentialAction":[{"@type":"SearchAction","target":{"@type":"EntryPoint","urlTemplate":"https:\/\/www.vamosdelongevidade.com.br\/blog\/?s={search_term_string}"},"query-input":{"@type":"PropertyValueSpecification","valueRequired":true,"valueName":"search_term_string"}}],"inLanguage":"pt-BR"},{"@type":"Organization","@id":"https:\/\/www.vamosdelongevidade.com.br\/blog\/#organization","name":"Blog Vamos de Longevidade","url":"https:\/\/www.vamosdelongevidade.com.br\/blog\/","logo":{"@type":"ImageObject","inLanguage":"pt-BR","@id":"https:\/\/www.vamosdelongevidade.com.br\/blog\/#\/schema\/logo\/image\/","url":"https:\/\/www.vamosdelongevidade.com.br\/blog\/wp-content\/uploads\/2026\/02\/logo-vdl.png","contentUrl":"https:\/\/www.vamosdelongevidade.com.br\/blog\/wp-content\/uploads\/2026\/02\/logo-vdl.png","width":768,"height":298,"caption":"Blog Vamos de Longevidade"},"image":{"@id":"https:\/\/www.vamosdelongevidade.com.br\/blog\/#\/schema\/logo\/image\/"},"sameAs":["https:\/\/www.facebook.com\/vamosdelongevidade","https:\/\/x.com\/VDLongevidade","https:\/\/www.instagram.com\/vamosdelongevidade","https:\/\/www.youtube.com\/@vamosdelongevidade","https:\/\/www.tiktok.com\/@vamosdelongevidade","https:\/\/br.pinterest.com\/vamosdelongevidade"]},{"@type":"Person","@id":"https:\/\/www.vamosdelongevidade.com.br\/blog\/#\/schema\/person\/e363044733616a3342ddb2ff2f367db4","name":"Priscila Diana","image":{"@type":"ImageObject","inLanguage":"pt-BR","@id":"https:\/\/www.vamosdelongevidade.com.br\/blog\/wp-content\/uploads\/2026\/04\/priscila-diana.jpg","url":"https:\/\/www.vamosdelongevidade.com.br\/blog\/wp-content\/uploads\/2026\/04\/priscila-diana.jpg","contentUrl":"https:\/\/www.vamosdelongevidade.com.br\/blog\/wp-content\/uploads\/2026\/04\/priscila-diana.jpg","caption":"Priscila Diana"},"description":"Formada em Recursos Humanos, com dois anos de atua\u00e7\u00e3o na \u00e1rea. Desde 2019, facilita processos terap\u00eauticos como Naturopata Hol\u00edstica, consolidando uma bagagem cl\u00ednica que une viv\u00eancia pr\u00e1tica a um m\u00e9todo educativo. P\u00f3s-graduanda em Psican\u00e1lise, Constela\u00e7\u00e3o Familiar e Terapias Naturais, \u00e9 Mestra Reiki e idealizadora do VDL. Sua miss\u00e3o \u00e9 tornar acess\u00edveis informa\u00e7\u00f5es e h\u00e1bitos di\u00e1rios que promovem longevidade e presen\u00e7a de forma hol\u00edstica.","url":"https:\/\/www.vamosdelongevidade.com.br\/blog\/author\/prisciladiana\/"}]}},"_links":{"self":[{"href":"https:\/\/www.vamosdelongevidade.com.br\/blog\/wp-json\/wp\/v2\/posts\/449","targetHints":{"allow":["GET"]}}],"collection":[{"href":"https:\/\/www.vamosdelongevidade.com.br\/blog\/wp-json\/wp\/v2\/posts"}],"about":[{"href":"https:\/\/www.vamosdelongevidade.com.br\/blog\/wp-json\/wp\/v2\/types\/post"}],"author":[{"embeddable":true,"href":"https:\/\/www.vamosdelongevidade.com.br\/blog\/wp-json\/wp\/v2\/users\/2"}],"replies":[{"embeddable":true,"href":"https:\/\/www.vamosdelongevidade.com.br\/blog\/wp-json\/wp\/v2\/comments?post=449"}],"version-history":[{"count":1,"href":"https:\/\/www.vamosdelongevidade.com.br\/blog\/wp-json\/wp\/v2\/posts\/449\/revisions"}],"predecessor-version":[{"id":451,"href":"https:\/\/www.vamosdelongevidade.com.br\/blog\/wp-json\/wp\/v2\/posts\/449\/revisions\/451"}],"wp:featuredmedia":[{"embeddable":true,"href":"https:\/\/www.vamosdelongevidade.com.br\/blog\/wp-json\/wp\/v2\/media\/450"}],"wp:attachment":[{"href":"https:\/\/www.vamosdelongevidade.com.br\/blog\/wp-json\/wp\/v2\/media?parent=449"}],"wp:term":[{"taxonomy":"category","embeddable":true,"href":"https:\/\/www.vamosdelongevidade.com.br\/blog\/wp-json\/wp\/v2\/categories?post=449"},{"taxonomy":"post_tag","embeddable":true,"href":"https:\/\/www.vamosdelongevidade.com.br\/blog\/wp-json\/wp\/v2\/tags?post=449"}],"curies":[{"name":"wp","href":"https:\/\/api.w.org\/{rel}","templated":true}]}}