{"id":429,"date":"2026-04-02T21:34:27","date_gmt":"2026-04-03T00:34:27","guid":{"rendered":"https:\/\/www.vamosdelongevidade.com.br\/blog\/?p=429"},"modified":"2026-04-02T21:49:29","modified_gmt":"2026-04-03T00:49:29","slug":"o-que-e-holistico","status":"publish","type":"post","link":"https:\/\/www.vamosdelongevidade.com.br\/blog\/o-que-e-holistico\/","title":{"rendered":"O que \u00e9 hol\u00edstico? A arte de enxergar a sua totalidade"},"content":{"rendered":"\n<p>Voc\u00ea j\u00e1 sentiu que, ao tratar um sintoma isolado, como uma enxaqueca ou ins\u00f4nia, o problema parece retornar sempre que o estresse aumenta? Isso acontece porque fomos condicionados a olhar para o corpo humano como uma m\u00e1quina composta de pe\u00e7as soltas.<\/p>\n\n\n\n<p>O conceito <strong>Hol\u00edstico<\/strong>, derivado do grego <em>holos<\/em> (que significa &#8220;todo&#8221;, &#8220;inteiro&#8221; ou &#8220;totalidade&#8221;), prop\u00f5e uma mudan\u00e7a de paradigma: voc\u00ea n\u00e3o \u00e9 a soma de partes isoladas, mas um <strong>sistema din\u00e2mico e interconectado<\/strong>.<\/p>\n\n\n\n<h2 class=\"wp-block-heading\">O ser humano multidimensional: os 4 pilares<\/h2>\n\n\n\n<p>Para viver com sa\u00fade de verdade na vis\u00e3o hol\u00edstica, precisamos nutrir e equilibrar as quatro camadas (ou corpos) que nos comp\u00f5em. No nosso ecossistema, este \u00e9 o mapa que guia sua jornada:<\/p>\n\n\n\n<ol start=\"1\" class=\"wp-block-list\">\n<li><strong>Corpo f\u00edsico:<\/strong> \u00c9 a sua morada. Envolve a biologia, nutri\u00e7\u00e3o, qualidade do sono e movimento. \u00c9 onde os sinais de desequil\u00edbrio costumam se manifestar fisicamente.<\/li>\n\n\n\n<li><strong>Corpo mental:<\/strong> Refere-se aos seus pensamentos, l\u00f3gica e, principalmente, \u00e0s suas cren\u00e7as. O que voc\u00ea acredita sobre si mesmo e sobre o mundo molda sua realidade biol\u00f3gica.<\/li>\n\n\n\n<li><strong>Corpo emocional:<\/strong> \u00c9 o campo dos sentimentos. Como voc\u00ea processa o medo, a alegria, o luto, a raiva e a ansiedade?<\/li>\n\n\n\n<li><strong>Corpo espiritual:<\/strong> N\u00e3o se trata de religi\u00e3o, mas de prop\u00f3sito e conex\u00e3o. \u00c9 o sentimento de pertencer a algo maior e estar alinhado com seus valores internos.<\/li>\n<\/ol>\n\n\n\n<h2 class=\"wp-block-heading\">A vis\u00e3o do especialista: o efeito domin\u00f3<\/h2>\n\n\n\n<p>Na vis\u00e3o hol\u00edstica, n\u00e3o tratamos apenas a &#8220;dor de cabe\u00e7a&#8221;, tratamos a <strong>pessoa<\/strong> que manifesta a dor.<\/p>\n\n\n\n<p>Uma preocupa\u00e7\u00e3o excessiva no trabalho (<strong>Mental<\/strong>) gera uma resposta de medo ou inseguran\u00e7a (<strong>Emocional<\/strong>), que por sua vez tensiona a musculatura e causa a dor f\u00edsica (<strong>F\u00edsico<\/strong>). Tratar apenas o f\u00edsico \u00e9 apagar o inc\u00eandio moment\u00e2neo, mas manter a brasa acesa. A vis\u00e3o hol\u00edstica busca a <strong>raiz<\/strong> para uma cura real e duradoura.<\/p>\n\n\n\n<h2 class=\"wp-block-heading\">FAQ \u2013 Perguntas frequentes sobre o holismo<\/h2>\n\n\n\n<h3 class=\"wp-block-heading\">Hol\u00edstico \u00e9 o mesmo que religioso?<\/h3>\n\n\n\n<p>N\u00e3o. \u00c9 uma abordagem filos\u00f3fica e terap\u00eautica sobre a totalidade humana, respeitando todas as cren\u00e7as ou a aus\u00eancia delas.<\/p>\n\n\n\n<h3 class=\"wp-block-heading\">Como come\u00e7ar a ser mais hol\u00edstico hoje?<\/h3>\n\n\n\n<p>Comece pela observa\u00e7\u00e3o. Ao sentir um desconforto, pergunte-se: <em>&#8220;O que minha mente ou meu cora\u00e7\u00e3o est\u00e3o tentando me dizer atrav\u00e9s do meu corpo?&#8221;<\/em>.<\/p>\n\n\n\n<h3 class=\"wp-block-heading\">A medicina tradicional aceita o holismo?<\/h3>\n\n\n\n<p>Sim. A chamada <strong>Medicina Integrativa<\/strong> une o melhor da ci\u00eancia diagn\u00f3stica e tecnol\u00f3gica com o cuidado hol\u00edstico para tratar o paciente por inteiro, reconhecendo a influ\u00eancia das emo\u00e7\u00f5es na biologia.<\/p>\n\n\n\n<h2 class=\"wp-block-heading\">Conclus\u00e3o: o caminho para a autonomia<\/h2>\n\n\n\n<p>Ser hol\u00edstico \u00e9 sair do banco do passageiro e assumir o volante da sua sa\u00fade. \u00c9 entender que cada escolha \u2014 do que voc\u00ea come ao que voc\u00ea pensa e sente &#8211; reverbera em todo o seu sistema. O equil\u00edbrio n\u00e3o \u00e9 um estado est\u00e1tico, mas uma pr\u00e1tica di\u00e1ria de <strong>auto-observa\u00e7\u00e3o<\/strong>.<\/p>\n","protected":false},"excerpt":{"rendered":"<p>Voc\u00ea j\u00e1 sentiu que, ao tratar um sintoma isolado, como uma enxaqueca ou ins\u00f4nia, o problema parece retornar sempre que o estresse aumenta? Isso acontece porque fomos condicionados a olhar para o corpo humano como uma m\u00e1quina composta de pe\u00e7as soltas. O conceito Hol\u00edstico, derivado do grego holos (que significa &#8220;todo&#8221;, &#8220;inteiro&#8221; ou &#8220;totalidade&#8221;), prop\u00f5e [&hellip;]<\/p>\n","protected":false},"author":2,"featured_media":435,"comment_status":"open","ping_status":"open","sticky":false,"template":"","format":"standard","meta":{"destaque":"","footnotes":""},"categories":[67],"tags":[],"class_list":["post-429","post","type-post","status-publish","format-standard","has-post-thumbnail","hentry","category-holistico"],"yoast_head":"<!-- This site is optimized with the Yoast SEO plugin v27.3 - https:\/\/yoast.com\/product\/yoast-seo-wordpress\/ -->\n<title>O que \u00e9 hol\u00edstico? A arte de enxergar a sua totalidade - Blog Vamos de Longevidade<\/title>\n<meta name=\"robots\" content=\"index, follow, max-snippet:-1, max-image-preview:large, max-video-preview:-1\" \/>\n<link rel=\"canonical\" href=\"https:\/\/www.vamosdelongevidade.com.br\/blog\/o-que-e-holistico\/\" \/>\n<meta property=\"og:locale\" content=\"pt_BR\" \/>\n<meta property=\"og:type\" content=\"article\" \/>\n<meta property=\"og:title\" content=\"O que \u00e9 hol\u00edstico? A arte de enxergar a sua totalidade - Blog Vamos de Longevidade\" \/>\n<meta property=\"og:description\" content=\"Voc\u00ea j\u00e1 sentiu que, ao tratar um sintoma isolado, como uma enxaqueca ou ins\u00f4nia, o problema parece retornar sempre que o estresse aumenta? Isso acontece porque fomos condicionados a olhar para o corpo humano como uma m\u00e1quina composta de pe\u00e7as soltas. O conceito Hol\u00edstico, derivado do grego holos (que significa &#8220;todo&#8221;, &#8220;inteiro&#8221; ou &#8220;totalidade&#8221;), prop\u00f5e [&hellip;]\" \/>\n<meta property=\"og:url\" content=\"https:\/\/www.vamosdelongevidade.com.br\/blog\/o-que-e-holistico\/\" \/>\n<meta property=\"og:site_name\" content=\"Blog Vamos de Longevidade\" \/>\n<meta property=\"article:publisher\" content=\"https:\/\/www.facebook.com\/vamosdelongevidade\" \/>\n<meta property=\"article:published_time\" content=\"2026-04-03T00:34:27+00:00\" \/>\n<meta property=\"article:modified_time\" content=\"2026-04-03T00:49:29+00:00\" \/>\n<meta property=\"og:image\" content=\"https:\/\/www.vamosdelongevidade.com.br\/blog\/wp-content\/uploads\/2026\/04\/o-que-e-holistico.jpg\" \/>\n\t<meta property=\"og:image:width\" content=\"1075\" \/>\n\t<meta property=\"og:image:height\" content=\"740\" \/>\n\t<meta property=\"og:image:type\" content=\"image\/jpeg\" \/>\n<meta name=\"author\" content=\"Priscila Diana\" \/>\n<meta name=\"twitter:card\" content=\"summary_large_image\" \/>\n<meta name=\"twitter:creator\" content=\"@VDLongevidade\" \/>\n<meta name=\"twitter:site\" content=\"@VDLongevidade\" \/>\n<meta name=\"twitter:label1\" content=\"Escrito por\" \/>\n\t<meta name=\"twitter:data1\" content=\"Priscila Diana\" \/>\n\t<meta name=\"twitter:label2\" content=\"Est. tempo de leitura\" \/>\n\t<meta name=\"twitter:data2\" content=\"2 minutos\" \/>\n<script type=\"application\/ld+json\" class=\"yoast-schema-graph\">{\"@context\":\"https:\\\/\\\/schema.org\",\"@graph\":[{\"@type\":\"Article\",\"@id\":\"https:\\\/\\\/www.vamosdelongevidade.com.br\\\/blog\\\/o-que-e-holistico\\\/#article\",\"isPartOf\":{\"@id\":\"https:\\\/\\\/www.vamosdelongevidade.com.br\\\/blog\\\/o-que-e-holistico\\\/\"},\"author\":{\"name\":\"Priscila Diana\",\"@id\":\"https:\\\/\\\/www.vamosdelongevidade.com.br\\\/blog\\\/#\\\/schema\\\/person\\\/e363044733616a3342ddb2ff2f367db4\"},\"headline\":\"O que \u00e9 hol\u00edstico? A arte de enxergar a sua totalidade\",\"datePublished\":\"2026-04-03T00:34:27+00:00\",\"dateModified\":\"2026-04-03T00:49:29+00:00\",\"mainEntityOfPage\":{\"@id\":\"https:\\\/\\\/www.vamosdelongevidade.com.br\\\/blog\\\/o-que-e-holistico\\\/\"},\"wordCount\":503,\"commentCount\":0,\"publisher\":{\"@id\":\"https:\\\/\\\/www.vamosdelongevidade.com.br\\\/blog\\\/#organization\"},\"image\":{\"@id\":\"https:\\\/\\\/www.vamosdelongevidade.com.br\\\/blog\\\/o-que-e-holistico\\\/#primaryimage\"},\"thumbnailUrl\":\"https:\\\/\\\/www.vamosdelongevidade.com.br\\\/blog\\\/wp-content\\\/uploads\\\/2026\\\/04\\\/o-que-e-holistico.jpg\",\"articleSection\":[\"Hol\u00edstico\"],\"inLanguage\":\"pt-BR\",\"potentialAction\":[{\"@type\":\"CommentAction\",\"name\":\"Comment\",\"target\":[\"https:\\\/\\\/www.vamosdelongevidade.com.br\\\/blog\\\/o-que-e-holistico\\\/#respond\"]}]},{\"@type\":\"WebPage\",\"@id\":\"https:\\\/\\\/www.vamosdelongevidade.com.br\\\/blog\\\/o-que-e-holistico\\\/\",\"url\":\"https:\\\/\\\/www.vamosdelongevidade.com.br\\\/blog\\\/o-que-e-holistico\\\/\",\"name\":\"O que \u00e9 hol\u00edstico? A arte de enxergar a sua totalidade - Blog Vamos de Longevidade\",\"isPartOf\":{\"@id\":\"https:\\\/\\\/www.vamosdelongevidade.com.br\\\/blog\\\/#website\"},\"primaryImageOfPage\":{\"@id\":\"https:\\\/\\\/www.vamosdelongevidade.com.br\\\/blog\\\/o-que-e-holistico\\\/#primaryimage\"},\"image\":{\"@id\":\"https:\\\/\\\/www.vamosdelongevidade.com.br\\\/blog\\\/o-que-e-holistico\\\/#primaryimage\"},\"thumbnailUrl\":\"https:\\\/\\\/www.vamosdelongevidade.com.br\\\/blog\\\/wp-content\\\/uploads\\\/2026\\\/04\\\/o-que-e-holistico.jpg\",\"datePublished\":\"2026-04-03T00:34:27+00:00\",\"dateModified\":\"2026-04-03T00:49:29+00:00\",\"breadcrumb\":{\"@id\":\"https:\\\/\\\/www.vamosdelongevidade.com.br\\\/blog\\\/o-que-e-holistico\\\/#breadcrumb\"},\"inLanguage\":\"pt-BR\",\"potentialAction\":[{\"@type\":\"ReadAction\",\"target\":[\"https:\\\/\\\/www.vamosdelongevidade.com.br\\\/blog\\\/o-que-e-holistico\\\/\"]}]},{\"@type\":\"ImageObject\",\"inLanguage\":\"pt-BR\",\"@id\":\"https:\\\/\\\/www.vamosdelongevidade.com.br\\\/blog\\\/o-que-e-holistico\\\/#primaryimage\",\"url\":\"https:\\\/\\\/www.vamosdelongevidade.com.br\\\/blog\\\/wp-content\\\/uploads\\\/2026\\\/04\\\/o-que-e-holistico.jpg\",\"contentUrl\":\"https:\\\/\\\/www.vamosdelongevidade.com.br\\\/blog\\\/wp-content\\\/uploads\\\/2026\\\/04\\\/o-que-e-holistico.jpg\",\"width\":1075,\"height\":740,\"caption\":\"O que \u00e9 hol\u00edstico? A arte de enxergar a sua totalidade\"},{\"@type\":\"BreadcrumbList\",\"@id\":\"https:\\\/\\\/www.vamosdelongevidade.com.br\\\/blog\\\/o-que-e-holistico\\\/#breadcrumb\",\"itemListElement\":[{\"@type\":\"ListItem\",\"position\":1,\"name\":\"In\u00edcio\",\"item\":\"https:\\\/\\\/www.vamosdelongevidade.com.br\\\/blog\\\/\"},{\"@type\":\"ListItem\",\"position\":2,\"name\":\"O que \u00e9 hol\u00edstico? A arte de enxergar a sua totalidade\"}]},{\"@type\":\"WebSite\",\"@id\":\"https:\\\/\\\/www.vamosdelongevidade.com.br\\\/blog\\\/#website\",\"url\":\"https:\\\/\\\/www.vamosdelongevidade.com.br\\\/blog\\\/\",\"name\":\"Blog Vamos de Longevidade\",\"description\":\"Decida agora, comece hoje\",\"publisher\":{\"@id\":\"https:\\\/\\\/www.vamosdelongevidade.com.br\\\/blog\\\/#organization\"},\"potentialAction\":[{\"@type\":\"SearchAction\",\"target\":{\"@type\":\"EntryPoint\",\"urlTemplate\":\"https:\\\/\\\/www.vamosdelongevidade.com.br\\\/blog\\\/?s={search_term_string}\"},\"query-input\":{\"@type\":\"PropertyValueSpecification\",\"valueRequired\":true,\"valueName\":\"search_term_string\"}}],\"inLanguage\":\"pt-BR\"},{\"@type\":\"Organization\",\"@id\":\"https:\\\/\\\/www.vamosdelongevidade.com.br\\\/blog\\\/#organization\",\"name\":\"Blog Vamos de Longevidade\",\"url\":\"https:\\\/\\\/www.vamosdelongevidade.com.br\\\/blog\\\/\",\"logo\":{\"@type\":\"ImageObject\",\"inLanguage\":\"pt-BR\",\"@id\":\"https:\\\/\\\/www.vamosdelongevidade.com.br\\\/blog\\\/#\\\/schema\\\/logo\\\/image\\\/\",\"url\":\"https:\\\/\\\/www.vamosdelongevidade.com.br\\\/blog\\\/wp-content\\\/uploads\\\/2026\\\/02\\\/logo-vdl.png\",\"contentUrl\":\"https:\\\/\\\/www.vamosdelongevidade.com.br\\\/blog\\\/wp-content\\\/uploads\\\/2026\\\/02\\\/logo-vdl.png\",\"width\":768,\"height\":298,\"caption\":\"Blog Vamos de Longevidade\"},\"image\":{\"@id\":\"https:\\\/\\\/www.vamosdelongevidade.com.br\\\/blog\\\/#\\\/schema\\\/logo\\\/image\\\/\"},\"sameAs\":[\"https:\\\/\\\/www.facebook.com\\\/vamosdelongevidade\",\"https:\\\/\\\/x.com\\\/VDLongevidade\",\"https:\\\/\\\/www.instagram.com\\\/vamosdelongevidade\",\"https:\\\/\\\/www.youtube.com\\\/@vamosdelongevidade\",\"https:\\\/\\\/www.tiktok.com\\\/@vamosdelongevidade\",\"https:\\\/\\\/br.pinterest.com\\\/vamosdelongevidade\"]},{\"@type\":\"Person\",\"@id\":\"https:\\\/\\\/www.vamosdelongevidade.com.br\\\/blog\\\/#\\\/schema\\\/person\\\/e363044733616a3342ddb2ff2f367db4\",\"name\":\"Priscila Diana\",\"image\":{\"@type\":\"ImageObject\",\"inLanguage\":\"pt-BR\",\"@id\":\"https:\\\/\\\/www.vamosdelongevidade.com.br\\\/blog\\\/wp-content\\\/uploads\\\/2026\\\/04\\\/priscila-diana.jpg\",\"url\":\"https:\\\/\\\/www.vamosdelongevidade.com.br\\\/blog\\\/wp-content\\\/uploads\\\/2026\\\/04\\\/priscila-diana.jpg\",\"contentUrl\":\"https:\\\/\\\/www.vamosdelongevidade.com.br\\\/blog\\\/wp-content\\\/uploads\\\/2026\\\/04\\\/priscila-diana.jpg\",\"caption\":\"Priscila Diana\"},\"description\":\"Formada em Recursos Humanos, com dois anos de atua\u00e7\u00e3o na \u00e1rea. Desde 2019, facilita processos terap\u00eauticos como Naturopata Hol\u00edstica, consolidando uma bagagem cl\u00ednica que une viv\u00eancia pr\u00e1tica a um m\u00e9todo educativo. P\u00f3s-graduanda em Psican\u00e1lise, Constela\u00e7\u00e3o Familiar e Terapias Naturais, \u00e9 Mestra Reiki e idealizadora do VDL. Sua miss\u00e3o \u00e9 tornar acess\u00edveis informa\u00e7\u00f5es e h\u00e1bitos di\u00e1rios que promovem longevidade e presen\u00e7a de forma hol\u00edstica.\",\"url\":\"https:\\\/\\\/www.vamosdelongevidade.com.br\\\/blog\\\/author\\\/prisciladiana\\\/\"}]}<\/script>\n<!-- \/ Yoast SEO plugin. -->","yoast_head_json":{"title":"O que \u00e9 hol\u00edstico? A arte de enxergar a sua totalidade - Blog Vamos de Longevidade","robots":{"index":"index","follow":"follow","max-snippet":"max-snippet:-1","max-image-preview":"max-image-preview:large","max-video-preview":"max-video-preview:-1"},"canonical":"https:\/\/www.vamosdelongevidade.com.br\/blog\/o-que-e-holistico\/","og_locale":"pt_BR","og_type":"article","og_title":"O que \u00e9 hol\u00edstico? A arte de enxergar a sua totalidade - Blog Vamos de Longevidade","og_description":"Voc\u00ea j\u00e1 sentiu que, ao tratar um sintoma isolado, como uma enxaqueca ou ins\u00f4nia, o problema parece retornar sempre que o estresse aumenta? Isso acontece porque fomos condicionados a olhar para o corpo humano como uma m\u00e1quina composta de pe\u00e7as soltas. O conceito Hol\u00edstico, derivado do grego holos (que significa &#8220;todo&#8221;, &#8220;inteiro&#8221; ou &#8220;totalidade&#8221;), prop\u00f5e [&hellip;]","og_url":"https:\/\/www.vamosdelongevidade.com.br\/blog\/o-que-e-holistico\/","og_site_name":"Blog Vamos de Longevidade","article_publisher":"https:\/\/www.facebook.com\/vamosdelongevidade","article_published_time":"2026-04-03T00:34:27+00:00","article_modified_time":"2026-04-03T00:49:29+00:00","og_image":[{"width":1075,"height":740,"url":"https:\/\/www.vamosdelongevidade.com.br\/blog\/wp-content\/uploads\/2026\/04\/o-que-e-holistico.jpg","type":"image\/jpeg"}],"author":"Priscila Diana","twitter_card":"summary_large_image","twitter_creator":"@VDLongevidade","twitter_site":"@VDLongevidade","twitter_misc":{"Escrito por":"Priscila Diana","Est. tempo de leitura":"2 minutos"},"schema":{"@context":"https:\/\/schema.org","@graph":[{"@type":"Article","@id":"https:\/\/www.vamosdelongevidade.com.br\/blog\/o-que-e-holistico\/#article","isPartOf":{"@id":"https:\/\/www.vamosdelongevidade.com.br\/blog\/o-que-e-holistico\/"},"author":{"name":"Priscila Diana","@id":"https:\/\/www.vamosdelongevidade.com.br\/blog\/#\/schema\/person\/e363044733616a3342ddb2ff2f367db4"},"headline":"O que \u00e9 hol\u00edstico? A arte de enxergar a sua totalidade","datePublished":"2026-04-03T00:34:27+00:00","dateModified":"2026-04-03T00:49:29+00:00","mainEntityOfPage":{"@id":"https:\/\/www.vamosdelongevidade.com.br\/blog\/o-que-e-holistico\/"},"wordCount":503,"commentCount":0,"publisher":{"@id":"https:\/\/www.vamosdelongevidade.com.br\/blog\/#organization"},"image":{"@id":"https:\/\/www.vamosdelongevidade.com.br\/blog\/o-que-e-holistico\/#primaryimage"},"thumbnailUrl":"https:\/\/www.vamosdelongevidade.com.br\/blog\/wp-content\/uploads\/2026\/04\/o-que-e-holistico.jpg","articleSection":["Hol\u00edstico"],"inLanguage":"pt-BR","potentialAction":[{"@type":"CommentAction","name":"Comment","target":["https:\/\/www.vamosdelongevidade.com.br\/blog\/o-que-e-holistico\/#respond"]}]},{"@type":"WebPage","@id":"https:\/\/www.vamosdelongevidade.com.br\/blog\/o-que-e-holistico\/","url":"https:\/\/www.vamosdelongevidade.com.br\/blog\/o-que-e-holistico\/","name":"O que \u00e9 hol\u00edstico? A arte de enxergar a sua totalidade - Blog Vamos de Longevidade","isPartOf":{"@id":"https:\/\/www.vamosdelongevidade.com.br\/blog\/#website"},"primaryImageOfPage":{"@id":"https:\/\/www.vamosdelongevidade.com.br\/blog\/o-que-e-holistico\/#primaryimage"},"image":{"@id":"https:\/\/www.vamosdelongevidade.com.br\/blog\/o-que-e-holistico\/#primaryimage"},"thumbnailUrl":"https:\/\/www.vamosdelongevidade.com.br\/blog\/wp-content\/uploads\/2026\/04\/o-que-e-holistico.jpg","datePublished":"2026-04-03T00:34:27+00:00","dateModified":"2026-04-03T00:49:29+00:00","breadcrumb":{"@id":"https:\/\/www.vamosdelongevidade.com.br\/blog\/o-que-e-holistico\/#breadcrumb"},"inLanguage":"pt-BR","potentialAction":[{"@type":"ReadAction","target":["https:\/\/www.vamosdelongevidade.com.br\/blog\/o-que-e-holistico\/"]}]},{"@type":"ImageObject","inLanguage":"pt-BR","@id":"https:\/\/www.vamosdelongevidade.com.br\/blog\/o-que-e-holistico\/#primaryimage","url":"https:\/\/www.vamosdelongevidade.com.br\/blog\/wp-content\/uploads\/2026\/04\/o-que-e-holistico.jpg","contentUrl":"https:\/\/www.vamosdelongevidade.com.br\/blog\/wp-content\/uploads\/2026\/04\/o-que-e-holistico.jpg","width":1075,"height":740,"caption":"O que \u00e9 hol\u00edstico? A arte de enxergar a sua totalidade"},{"@type":"BreadcrumbList","@id":"https:\/\/www.vamosdelongevidade.com.br\/blog\/o-que-e-holistico\/#breadcrumb","itemListElement":[{"@type":"ListItem","position":1,"name":"In\u00edcio","item":"https:\/\/www.vamosdelongevidade.com.br\/blog\/"},{"@type":"ListItem","position":2,"name":"O que \u00e9 hol\u00edstico? A arte de enxergar a sua totalidade"}]},{"@type":"WebSite","@id":"https:\/\/www.vamosdelongevidade.com.br\/blog\/#website","url":"https:\/\/www.vamosdelongevidade.com.br\/blog\/","name":"Blog Vamos de Longevidade","description":"Decida agora, comece hoje","publisher":{"@id":"https:\/\/www.vamosdelongevidade.com.br\/blog\/#organization"},"potentialAction":[{"@type":"SearchAction","target":{"@type":"EntryPoint","urlTemplate":"https:\/\/www.vamosdelongevidade.com.br\/blog\/?s={search_term_string}"},"query-input":{"@type":"PropertyValueSpecification","valueRequired":true,"valueName":"search_term_string"}}],"inLanguage":"pt-BR"},{"@type":"Organization","@id":"https:\/\/www.vamosdelongevidade.com.br\/blog\/#organization","name":"Blog Vamos de Longevidade","url":"https:\/\/www.vamosdelongevidade.com.br\/blog\/","logo":{"@type":"ImageObject","inLanguage":"pt-BR","@id":"https:\/\/www.vamosdelongevidade.com.br\/blog\/#\/schema\/logo\/image\/","url":"https:\/\/www.vamosdelongevidade.com.br\/blog\/wp-content\/uploads\/2026\/02\/logo-vdl.png","contentUrl":"https:\/\/www.vamosdelongevidade.com.br\/blog\/wp-content\/uploads\/2026\/02\/logo-vdl.png","width":768,"height":298,"caption":"Blog Vamos de Longevidade"},"image":{"@id":"https:\/\/www.vamosdelongevidade.com.br\/blog\/#\/schema\/logo\/image\/"},"sameAs":["https:\/\/www.facebook.com\/vamosdelongevidade","https:\/\/x.com\/VDLongevidade","https:\/\/www.instagram.com\/vamosdelongevidade","https:\/\/www.youtube.com\/@vamosdelongevidade","https:\/\/www.tiktok.com\/@vamosdelongevidade","https:\/\/br.pinterest.com\/vamosdelongevidade"]},{"@type":"Person","@id":"https:\/\/www.vamosdelongevidade.com.br\/blog\/#\/schema\/person\/e363044733616a3342ddb2ff2f367db4","name":"Priscila Diana","image":{"@type":"ImageObject","inLanguage":"pt-BR","@id":"https:\/\/www.vamosdelongevidade.com.br\/blog\/wp-content\/uploads\/2026\/04\/priscila-diana.jpg","url":"https:\/\/www.vamosdelongevidade.com.br\/blog\/wp-content\/uploads\/2026\/04\/priscila-diana.jpg","contentUrl":"https:\/\/www.vamosdelongevidade.com.br\/blog\/wp-content\/uploads\/2026\/04\/priscila-diana.jpg","caption":"Priscila Diana"},"description":"Formada em Recursos Humanos, com dois anos de atua\u00e7\u00e3o na \u00e1rea. Desde 2019, facilita processos terap\u00eauticos como Naturopata Hol\u00edstica, consolidando uma bagagem cl\u00ednica que une viv\u00eancia pr\u00e1tica a um m\u00e9todo educativo. P\u00f3s-graduanda em Psican\u00e1lise, Constela\u00e7\u00e3o Familiar e Terapias Naturais, \u00e9 Mestra Reiki e idealizadora do VDL. Sua miss\u00e3o \u00e9 tornar acess\u00edveis informa\u00e7\u00f5es e h\u00e1bitos di\u00e1rios que promovem longevidade e presen\u00e7a de forma hol\u00edstica.","url":"https:\/\/www.vamosdelongevidade.com.br\/blog\/author\/prisciladiana\/"}]}},"_links":{"self":[{"href":"https:\/\/www.vamosdelongevidade.com.br\/blog\/wp-json\/wp\/v2\/posts\/429","targetHints":{"allow":["GET"]}}],"collection":[{"href":"https:\/\/www.vamosdelongevidade.com.br\/blog\/wp-json\/wp\/v2\/posts"}],"about":[{"href":"https:\/\/www.vamosdelongevidade.com.br\/blog\/wp-json\/wp\/v2\/types\/post"}],"author":[{"embeddable":true,"href":"https:\/\/www.vamosdelongevidade.com.br\/blog\/wp-json\/wp\/v2\/users\/2"}],"replies":[{"embeddable":true,"href":"https:\/\/www.vamosdelongevidade.com.br\/blog\/wp-json\/wp\/v2\/comments?post=429"}],"version-history":[{"count":3,"href":"https:\/\/www.vamosdelongevidade.com.br\/blog\/wp-json\/wp\/v2\/posts\/429\/revisions"}],"predecessor-version":[{"id":443,"href":"https:\/\/www.vamosdelongevidade.com.br\/blog\/wp-json\/wp\/v2\/posts\/429\/revisions\/443"}],"wp:featuredmedia":[{"embeddable":true,"href":"https:\/\/www.vamosdelongevidade.com.br\/blog\/wp-json\/wp\/v2\/media\/435"}],"wp:attachment":[{"href":"https:\/\/www.vamosdelongevidade.com.br\/blog\/wp-json\/wp\/v2\/media?parent=429"}],"wp:term":[{"taxonomy":"category","embeddable":true,"href":"https:\/\/www.vamosdelongevidade.com.br\/blog\/wp-json\/wp\/v2\/categories?post=429"},{"taxonomy":"post_tag","embeddable":true,"href":"https:\/\/www.vamosdelongevidade.com.br\/blog\/wp-json\/wp\/v2\/tags?post=429"}],"curies":[{"name":"wp","href":"https:\/\/api.w.org\/{rel}","templated":true}]}}