{"id":416,"date":"2026-04-02T15:05:09","date_gmt":"2026-04-02T18:05:09","guid":{"rendered":"https:\/\/www.vamosdelongevidade.com.br\/blog\/?p=416"},"modified":"2026-04-02T21:43:29","modified_gmt":"2026-04-03T00:43:29","slug":"como-estamos-construindo-vdl","status":"publish","type":"post","link":"https:\/\/www.vamosdelongevidade.com.br\/blog\/como-estamos-construindo-vdl\/","title":{"rendered":"Do consult\u00f3rio ao c\u00f3digo: como estamos construindo a &#8220;casa digital&#8221; do VDL"},"content":{"rendered":"\n<p>No <a href=\"https:\/\/www.vamosdelongevidade.com.br\/blog\/minha-jornada-de-autoconhecimento\" data-type=\"link\" data-id=\"https:\/\/www.vamosdelongevidade.com.br\/blog\/minha-jornada-de-autoconhecimento\">post anterior<\/a>, compartilhei como minha trajet\u00f3ria como terapeuta e m\u00e3e solo me trouxe at\u00e9 a cria\u00e7\u00e3o do <strong>Vamos de Longevidade (VDL)<\/strong>. Hoje, quero abrir as cortinas e mostrar como estamos transformando anos de pr\u00e1ticas terap\u00eauticas em uma experi\u00eancia digital \u00fanica.<\/p>\n\n\n\n<p>Construir um &#8220;beb\u00ea&#8221; digital n\u00e3o \u00e9 tarefa simples, e \u00e9 aqui que a uni\u00e3o entre prop\u00f3sito e tecnologia se torna real.<\/p>\n\n\n\n<h2 class=\"wp-block-heading\">A parceria: quando a terapia encontra a programa\u00e7\u00e3o<\/h2>\n\n\n\n<p>Para que o VDL deixasse de ser um sonho no papel, eu precisei de um bra\u00e7o tecnol\u00f3gico \u00e0 altura da profundidade deste projeto. Foi a\u00ed que uni for\u00e7as com meu s\u00f3cio, o <a href=\"https:\/\/www.vamosdelongevidade.com.br\/blog\/author\/sprintcodes\/\">James<\/a>.<\/p>\n\n\n\n<p>O <a href=\"https:\/\/www.vamosdelongevidade.com.br\/blog\/author\/sprintcodes\/\">James <\/a>n\u00e3o \u00e9 apenas um programador; ele \u00e9 um especialista em lan\u00e7ar aplicativos. Enquanto eu trago a bagagem das p\u00f3s-gradua\u00e7\u00f5es, do <strong>Reiki<\/strong> e da viv\u00eancia cl\u00ednica, ele traz a arquitetura digital necess\u00e1ria para que tudo isso chegue at\u00e9 voc\u00ea de forma fluida, simples e funcional.<\/p>\n\n\n\n<p>Desde o final de 2025, estamos trabalhando lado a lado. S\u00e3o meses de reuni\u00f5es, testes e ajustes constantes. \u00c9 um trabalho de bastidores intenso, onde cada linha de c\u00f3digo escrita por ele tem um prop\u00f3sito terap\u00eautico definido por mim.<\/p>\n\n\n\n<h2 class=\"wp-block-heading\">Digitalizando o invis\u00edvel: Reiki, PNL e harmoniza\u00e7\u00e3o<\/h2>\n\n\n\n<p>Muitas pessoas me perguntam: <em>&#8220;Como colocar o Reiki ou uma harmoniza\u00e7\u00e3o de chakras dentro de um aplicativo?&#8221;<\/em>.<\/p>\n\n\n\n<p>Esse tem sido o nosso maior desafio e nossa maior alegria. Estamos &#8220;traduzindo&#8221; t\u00e9cnicas que antes eram restritas ao atendimento presencial para ferramentas que voc\u00ea poder\u00e1 usar no \u00f4nibus, no intervalo do trabalho ou antes de dormir. No VDL, estamos unificando:<\/p>\n\n\n\n<ul class=\"wp-block-list\">\n<li><strong>Ferramentas de PNL:<\/strong> para reprogramar padr\u00f5es mentais direto no seu celular.<\/li>\n\n\n\n<li><strong>Pranayamas e medita\u00e7\u00f5es guiadas:<\/strong> para trazer presen\u00e7a imediata.<\/li>\n\n\n\n<li><strong>Frequ\u00eancias e harmoniza\u00e7\u00f5es:<\/strong> criadas para equilibrar seus centros energ\u00e9ticos onde quer que voc\u00ea esteja.<\/li>\n<\/ul>\n\n\n\n<h2 class=\"wp-block-heading\">Um projeto em gesta\u00e7\u00e3o (e com muita dedica\u00e7\u00e3o)<\/h2>\n\n\n\n<p>Como eu mencionei, o VDL ainda \u00e9 um &#8220;beb\u00ea&#8221;. Por estarmos na fase de constru\u00e7\u00e3o, o que temos hoje \u00e9 um investimento massivo de energia, tempo e estudo.<\/p>\n\n\n\n<p>Como m\u00e3e solo de duas crian\u00e7as e sem rede de apoio, uso cada brecha do meu dia &#8211; e muitas vezes da minha noite &#8211; para validar conte\u00fados e testar funcionalidades com o <a href=\"https:\/\/www.vamosdelongevidade.com.br\/blog\/author\/sprintcodes\/\">James<\/a>. O fato de ser um <strong>ecossistema digital<\/strong> \u00e9 o que permite que esse projeto nas\u00e7a: ele se adapta \u00e0 minha realidade e, futuramente, se adaptar\u00e1 \u00e0 sua.<\/p>\n\n\n\n<h2 class=\"wp-block-heading\">O que esperar dos nossos 5 pilares?<\/h2>\n\n\n\n<p>Estamos desenhando cada funcionalidade baseada no que chamamos de <strong>Ecossistema VDL<\/strong>:<\/p>\n\n\n\n<ol start=\"1\" class=\"wp-block-list\">\n<li><strong>Presen\u00e7a:<\/strong> ferramentas para te trazer para o &#8220;agora&#8221;.<\/li>\n\n\n\n<li><strong>Autocuidado:<\/strong> rituais pr\u00e1ticos de naturopatia e sa\u00fade integrativa.<\/li>\n\n\n\n<li><strong>Autocura:<\/strong> o despertar da sua pr\u00f3pria capacidade de regenera\u00e7\u00e3o.<\/li>\n\n\n\n<li><strong>Autodesenvolvimento:<\/strong> conte\u00fados sist\u00eamicos e psicanal\u00edticos para sua evolu\u00e7\u00e3o.<\/li>\n\n\n\n<li><strong>Autoconhecimento:<\/strong> o mergulho profundo na sua pr\u00f3pria ess\u00eancia.<\/li>\n<\/ol>\n\n\n\n<p>Estamos ansiosos para o dia em que esse &#8220;bebezinho&#8221; estar\u00e1 nas suas m\u00e3os, pronto para te ajudar a caminhar rumo \u00e0 longevidade com consci\u00eancia.<\/p>\n\n\n\n<p><\/p>\n","protected":false},"excerpt":{"rendered":"<p>No post anterior, compartilhei como minha trajet\u00f3ria como terapeuta e m\u00e3e solo me trouxe at\u00e9 a cria\u00e7\u00e3o do Vamos de Longevidade (VDL). Hoje, quero abrir as cortinas e mostrar como estamos transformando anos de pr\u00e1ticas terap\u00eauticas em uma experi\u00eancia digital \u00fanica. Construir um &#8220;beb\u00ea&#8221; digital n\u00e3o \u00e9 tarefa simples, e \u00e9 aqui que a uni\u00e3o [&hellip;]<\/p>\n","protected":false},"author":2,"featured_media":434,"comment_status":"open","ping_status":"open","sticky":false,"template":"","format":"standard","meta":{"destaque":"","footnotes":""},"categories":[66],"tags":[],"class_list":["post-416","post","type-post","status-publish","format-standard","has-post-thumbnail","hentry","category-idealizadores-vdl"],"yoast_head":"<!-- This site is optimized with the Yoast SEO plugin v27.3 - https:\/\/yoast.com\/product\/yoast-seo-wordpress\/ -->\n<title>Do consult\u00f3rio ao c\u00f3digo: como estamos construindo a &quot;casa digital&quot; do VDL - Blog Vamos de Longevidade<\/title>\n<meta name=\"robots\" content=\"index, follow, max-snippet:-1, max-image-preview:large, max-video-preview:-1\" \/>\n<link rel=\"canonical\" href=\"https:\/\/www.vamosdelongevidade.com.br\/blog\/como-estamos-construindo-vdl\/\" \/>\n<meta property=\"og:locale\" content=\"pt_BR\" \/>\n<meta property=\"og:type\" content=\"article\" \/>\n<meta property=\"og:title\" content=\"Do consult\u00f3rio ao c\u00f3digo: como estamos construindo a &quot;casa digital&quot; do VDL - Blog Vamos de Longevidade\" \/>\n<meta property=\"og:description\" content=\"No post anterior, compartilhei como minha trajet\u00f3ria como terapeuta e m\u00e3e solo me trouxe at\u00e9 a cria\u00e7\u00e3o do Vamos de Longevidade (VDL). Hoje, quero abrir as cortinas e mostrar como estamos transformando anos de pr\u00e1ticas terap\u00eauticas em uma experi\u00eancia digital \u00fanica. Construir um &#8220;beb\u00ea&#8221; digital n\u00e3o \u00e9 tarefa simples, e \u00e9 aqui que a uni\u00e3o [&hellip;]\" \/>\n<meta property=\"og:url\" content=\"https:\/\/www.vamosdelongevidade.com.br\/blog\/como-estamos-construindo-vdl\/\" \/>\n<meta property=\"og:site_name\" content=\"Blog Vamos de Longevidade\" \/>\n<meta property=\"article:publisher\" content=\"https:\/\/www.facebook.com\/vamosdelongevidade\" \/>\n<meta property=\"article:published_time\" content=\"2026-04-02T18:05:09+00:00\" \/>\n<meta property=\"article:modified_time\" content=\"2026-04-03T00:43:29+00:00\" \/>\n<meta property=\"og:image\" content=\"https:\/\/www.vamosdelongevidade.com.br\/blog\/wp-content\/uploads\/2026\/04\/como-estamos-construindo-vdl.jpg\" \/>\n\t<meta property=\"og:image:width\" content=\"1075\" \/>\n\t<meta property=\"og:image:height\" content=\"740\" \/>\n\t<meta property=\"og:image:type\" content=\"image\/jpeg\" \/>\n<meta name=\"author\" content=\"Priscila Diana\" \/>\n<meta name=\"twitter:card\" content=\"summary_large_image\" \/>\n<meta name=\"twitter:creator\" content=\"@VDLongevidade\" \/>\n<meta name=\"twitter:site\" content=\"@VDLongevidade\" \/>\n<meta name=\"twitter:label1\" content=\"Escrito por\" \/>\n\t<meta name=\"twitter:data1\" content=\"Priscila Diana\" \/>\n\t<meta name=\"twitter:label2\" content=\"Est. tempo de leitura\" \/>\n\t<meta name=\"twitter:data2\" content=\"3 minutos\" \/>\n<script type=\"application\/ld+json\" class=\"yoast-schema-graph\">{\"@context\":\"https:\\\/\\\/schema.org\",\"@graph\":[{\"@type\":\"Article\",\"@id\":\"https:\\\/\\\/www.vamosdelongevidade.com.br\\\/blog\\\/como-estamos-construindo-vdl\\\/#article\",\"isPartOf\":{\"@id\":\"https:\\\/\\\/www.vamosdelongevidade.com.br\\\/blog\\\/como-estamos-construindo-vdl\\\/\"},\"author\":{\"name\":\"Priscila Diana\",\"@id\":\"https:\\\/\\\/www.vamosdelongevidade.com.br\\\/blog\\\/#\\\/schema\\\/person\\\/e363044733616a3342ddb2ff2f367db4\"},\"headline\":\"Do consult\u00f3rio ao c\u00f3digo: como estamos construindo a &#8220;casa digital&#8221; do VDL\",\"datePublished\":\"2026-04-02T18:05:09+00:00\",\"dateModified\":\"2026-04-03T00:43:29+00:00\",\"mainEntityOfPage\":{\"@id\":\"https:\\\/\\\/www.vamosdelongevidade.com.br\\\/blog\\\/como-estamos-construindo-vdl\\\/\"},\"wordCount\":522,\"commentCount\":0,\"publisher\":{\"@id\":\"https:\\\/\\\/www.vamosdelongevidade.com.br\\\/blog\\\/#organization\"},\"image\":{\"@id\":\"https:\\\/\\\/www.vamosdelongevidade.com.br\\\/blog\\\/como-estamos-construindo-vdl\\\/#primaryimage\"},\"thumbnailUrl\":\"https:\\\/\\\/www.vamosdelongevidade.com.br\\\/blog\\\/wp-content\\\/uploads\\\/2026\\\/04\\\/como-estamos-construindo-vdl.jpg\",\"articleSection\":[\"Idealizadores VDL\"],\"inLanguage\":\"pt-BR\",\"potentialAction\":[{\"@type\":\"CommentAction\",\"name\":\"Comment\",\"target\":[\"https:\\\/\\\/www.vamosdelongevidade.com.br\\\/blog\\\/como-estamos-construindo-vdl\\\/#respond\"]}]},{\"@type\":\"WebPage\",\"@id\":\"https:\\\/\\\/www.vamosdelongevidade.com.br\\\/blog\\\/como-estamos-construindo-vdl\\\/\",\"url\":\"https:\\\/\\\/www.vamosdelongevidade.com.br\\\/blog\\\/como-estamos-construindo-vdl\\\/\",\"name\":\"Do consult\u00f3rio ao c\u00f3digo: como estamos construindo a \\\"casa digital\\\" do VDL - Blog Vamos de Longevidade\",\"isPartOf\":{\"@id\":\"https:\\\/\\\/www.vamosdelongevidade.com.br\\\/blog\\\/#website\"},\"primaryImageOfPage\":{\"@id\":\"https:\\\/\\\/www.vamosdelongevidade.com.br\\\/blog\\\/como-estamos-construindo-vdl\\\/#primaryimage\"},\"image\":{\"@id\":\"https:\\\/\\\/www.vamosdelongevidade.com.br\\\/blog\\\/como-estamos-construindo-vdl\\\/#primaryimage\"},\"thumbnailUrl\":\"https:\\\/\\\/www.vamosdelongevidade.com.br\\\/blog\\\/wp-content\\\/uploads\\\/2026\\\/04\\\/como-estamos-construindo-vdl.jpg\",\"datePublished\":\"2026-04-02T18:05:09+00:00\",\"dateModified\":\"2026-04-03T00:43:29+00:00\",\"breadcrumb\":{\"@id\":\"https:\\\/\\\/www.vamosdelongevidade.com.br\\\/blog\\\/como-estamos-construindo-vdl\\\/#breadcrumb\"},\"inLanguage\":\"pt-BR\",\"potentialAction\":[{\"@type\":\"ReadAction\",\"target\":[\"https:\\\/\\\/www.vamosdelongevidade.com.br\\\/blog\\\/como-estamos-construindo-vdl\\\/\"]}]},{\"@type\":\"ImageObject\",\"inLanguage\":\"pt-BR\",\"@id\":\"https:\\\/\\\/www.vamosdelongevidade.com.br\\\/blog\\\/como-estamos-construindo-vdl\\\/#primaryimage\",\"url\":\"https:\\\/\\\/www.vamosdelongevidade.com.br\\\/blog\\\/wp-content\\\/uploads\\\/2026\\\/04\\\/como-estamos-construindo-vdl.jpg\",\"contentUrl\":\"https:\\\/\\\/www.vamosdelongevidade.com.br\\\/blog\\\/wp-content\\\/uploads\\\/2026\\\/04\\\/como-estamos-construindo-vdl.jpg\",\"width\":1075,\"height\":740,\"caption\":\"Do consult\u00f3rio ao c\u00f3digo: como estamos construindo a \\\"casa digital\\\" do VDL\"},{\"@type\":\"BreadcrumbList\",\"@id\":\"https:\\\/\\\/www.vamosdelongevidade.com.br\\\/blog\\\/como-estamos-construindo-vdl\\\/#breadcrumb\",\"itemListElement\":[{\"@type\":\"ListItem\",\"position\":1,\"name\":\"In\u00edcio\",\"item\":\"https:\\\/\\\/www.vamosdelongevidade.com.br\\\/blog\\\/\"},{\"@type\":\"ListItem\",\"position\":2,\"name\":\"Do consult\u00f3rio ao c\u00f3digo: como estamos construindo a &#8220;casa digital&#8221; do VDL\"}]},{\"@type\":\"WebSite\",\"@id\":\"https:\\\/\\\/www.vamosdelongevidade.com.br\\\/blog\\\/#website\",\"url\":\"https:\\\/\\\/www.vamosdelongevidade.com.br\\\/blog\\\/\",\"name\":\"Blog Vamos de Longevidade\",\"description\":\"Decida agora, comece hoje\",\"publisher\":{\"@id\":\"https:\\\/\\\/www.vamosdelongevidade.com.br\\\/blog\\\/#organization\"},\"potentialAction\":[{\"@type\":\"SearchAction\",\"target\":{\"@type\":\"EntryPoint\",\"urlTemplate\":\"https:\\\/\\\/www.vamosdelongevidade.com.br\\\/blog\\\/?s={search_term_string}\"},\"query-input\":{\"@type\":\"PropertyValueSpecification\",\"valueRequired\":true,\"valueName\":\"search_term_string\"}}],\"inLanguage\":\"pt-BR\"},{\"@type\":\"Organization\",\"@id\":\"https:\\\/\\\/www.vamosdelongevidade.com.br\\\/blog\\\/#organization\",\"name\":\"Blog Vamos de Longevidade\",\"url\":\"https:\\\/\\\/www.vamosdelongevidade.com.br\\\/blog\\\/\",\"logo\":{\"@type\":\"ImageObject\",\"inLanguage\":\"pt-BR\",\"@id\":\"https:\\\/\\\/www.vamosdelongevidade.com.br\\\/blog\\\/#\\\/schema\\\/logo\\\/image\\\/\",\"url\":\"https:\\\/\\\/www.vamosdelongevidade.com.br\\\/blog\\\/wp-content\\\/uploads\\\/2026\\\/02\\\/logo-vdl.png\",\"contentUrl\":\"https:\\\/\\\/www.vamosdelongevidade.com.br\\\/blog\\\/wp-content\\\/uploads\\\/2026\\\/02\\\/logo-vdl.png\",\"width\":768,\"height\":298,\"caption\":\"Blog Vamos de Longevidade\"},\"image\":{\"@id\":\"https:\\\/\\\/www.vamosdelongevidade.com.br\\\/blog\\\/#\\\/schema\\\/logo\\\/image\\\/\"},\"sameAs\":[\"https:\\\/\\\/www.facebook.com\\\/vamosdelongevidade\",\"https:\\\/\\\/x.com\\\/VDLongevidade\",\"https:\\\/\\\/www.instagram.com\\\/vamosdelongevidade\",\"https:\\\/\\\/www.youtube.com\\\/@vamosdelongevidade\",\"https:\\\/\\\/www.tiktok.com\\\/@vamosdelongevidade\",\"https:\\\/\\\/br.pinterest.com\\\/vamosdelongevidade\"]},{\"@type\":\"Person\",\"@id\":\"https:\\\/\\\/www.vamosdelongevidade.com.br\\\/blog\\\/#\\\/schema\\\/person\\\/e363044733616a3342ddb2ff2f367db4\",\"name\":\"Priscila Diana\",\"image\":{\"@type\":\"ImageObject\",\"inLanguage\":\"pt-BR\",\"@id\":\"https:\\\/\\\/www.vamosdelongevidade.com.br\\\/blog\\\/wp-content\\\/uploads\\\/2026\\\/04\\\/priscila-diana.jpg\",\"url\":\"https:\\\/\\\/www.vamosdelongevidade.com.br\\\/blog\\\/wp-content\\\/uploads\\\/2026\\\/04\\\/priscila-diana.jpg\",\"contentUrl\":\"https:\\\/\\\/www.vamosdelongevidade.com.br\\\/blog\\\/wp-content\\\/uploads\\\/2026\\\/04\\\/priscila-diana.jpg\",\"caption\":\"Priscila Diana\"},\"description\":\"Formada em Recursos Humanos, com dois anos de atua\u00e7\u00e3o na \u00e1rea. Desde 2019, facilita processos terap\u00eauticos como Naturopata Hol\u00edstica, consolidando uma bagagem cl\u00ednica que une viv\u00eancia pr\u00e1tica a um m\u00e9todo educativo. P\u00f3s-graduanda em Psican\u00e1lise, Constela\u00e7\u00e3o Familiar e Terapias Naturais, \u00e9 Mestra Reiki e idealizadora do VDL. Sua miss\u00e3o \u00e9 tornar acess\u00edveis informa\u00e7\u00f5es e h\u00e1bitos di\u00e1rios que promovem longevidade e presen\u00e7a de forma hol\u00edstica.\",\"url\":\"https:\\\/\\\/www.vamosdelongevidade.com.br\\\/blog\\\/author\\\/prisciladiana\\\/\"}]}<\/script>\n<!-- \/ Yoast SEO plugin. -->","yoast_head_json":{"title":"Do consult\u00f3rio ao c\u00f3digo: como estamos construindo a \"casa digital\" do VDL - Blog Vamos de Longevidade","robots":{"index":"index","follow":"follow","max-snippet":"max-snippet:-1","max-image-preview":"max-image-preview:large","max-video-preview":"max-video-preview:-1"},"canonical":"https:\/\/www.vamosdelongevidade.com.br\/blog\/como-estamos-construindo-vdl\/","og_locale":"pt_BR","og_type":"article","og_title":"Do consult\u00f3rio ao c\u00f3digo: como estamos construindo a \"casa digital\" do VDL - Blog Vamos de Longevidade","og_description":"No post anterior, compartilhei como minha trajet\u00f3ria como terapeuta e m\u00e3e solo me trouxe at\u00e9 a cria\u00e7\u00e3o do Vamos de Longevidade (VDL). Hoje, quero abrir as cortinas e mostrar como estamos transformando anos de pr\u00e1ticas terap\u00eauticas em uma experi\u00eancia digital \u00fanica. Construir um &#8220;beb\u00ea&#8221; digital n\u00e3o \u00e9 tarefa simples, e \u00e9 aqui que a uni\u00e3o [&hellip;]","og_url":"https:\/\/www.vamosdelongevidade.com.br\/blog\/como-estamos-construindo-vdl\/","og_site_name":"Blog Vamos de Longevidade","article_publisher":"https:\/\/www.facebook.com\/vamosdelongevidade","article_published_time":"2026-04-02T18:05:09+00:00","article_modified_time":"2026-04-03T00:43:29+00:00","og_image":[{"width":1075,"height":740,"url":"https:\/\/www.vamosdelongevidade.com.br\/blog\/wp-content\/uploads\/2026\/04\/como-estamos-construindo-vdl.jpg","type":"image\/jpeg"}],"author":"Priscila Diana","twitter_card":"summary_large_image","twitter_creator":"@VDLongevidade","twitter_site":"@VDLongevidade","twitter_misc":{"Escrito por":"Priscila Diana","Est. tempo de leitura":"3 minutos"},"schema":{"@context":"https:\/\/schema.org","@graph":[{"@type":"Article","@id":"https:\/\/www.vamosdelongevidade.com.br\/blog\/como-estamos-construindo-vdl\/#article","isPartOf":{"@id":"https:\/\/www.vamosdelongevidade.com.br\/blog\/como-estamos-construindo-vdl\/"},"author":{"name":"Priscila Diana","@id":"https:\/\/www.vamosdelongevidade.com.br\/blog\/#\/schema\/person\/e363044733616a3342ddb2ff2f367db4"},"headline":"Do consult\u00f3rio ao c\u00f3digo: como estamos construindo a &#8220;casa digital&#8221; do VDL","datePublished":"2026-04-02T18:05:09+00:00","dateModified":"2026-04-03T00:43:29+00:00","mainEntityOfPage":{"@id":"https:\/\/www.vamosdelongevidade.com.br\/blog\/como-estamos-construindo-vdl\/"},"wordCount":522,"commentCount":0,"publisher":{"@id":"https:\/\/www.vamosdelongevidade.com.br\/blog\/#organization"},"image":{"@id":"https:\/\/www.vamosdelongevidade.com.br\/blog\/como-estamos-construindo-vdl\/#primaryimage"},"thumbnailUrl":"https:\/\/www.vamosdelongevidade.com.br\/blog\/wp-content\/uploads\/2026\/04\/como-estamos-construindo-vdl.jpg","articleSection":["Idealizadores VDL"],"inLanguage":"pt-BR","potentialAction":[{"@type":"CommentAction","name":"Comment","target":["https:\/\/www.vamosdelongevidade.com.br\/blog\/como-estamos-construindo-vdl\/#respond"]}]},{"@type":"WebPage","@id":"https:\/\/www.vamosdelongevidade.com.br\/blog\/como-estamos-construindo-vdl\/","url":"https:\/\/www.vamosdelongevidade.com.br\/blog\/como-estamos-construindo-vdl\/","name":"Do consult\u00f3rio ao c\u00f3digo: como estamos construindo a \"casa digital\" do VDL - Blog Vamos de Longevidade","isPartOf":{"@id":"https:\/\/www.vamosdelongevidade.com.br\/blog\/#website"},"primaryImageOfPage":{"@id":"https:\/\/www.vamosdelongevidade.com.br\/blog\/como-estamos-construindo-vdl\/#primaryimage"},"image":{"@id":"https:\/\/www.vamosdelongevidade.com.br\/blog\/como-estamos-construindo-vdl\/#primaryimage"},"thumbnailUrl":"https:\/\/www.vamosdelongevidade.com.br\/blog\/wp-content\/uploads\/2026\/04\/como-estamos-construindo-vdl.jpg","datePublished":"2026-04-02T18:05:09+00:00","dateModified":"2026-04-03T00:43:29+00:00","breadcrumb":{"@id":"https:\/\/www.vamosdelongevidade.com.br\/blog\/como-estamos-construindo-vdl\/#breadcrumb"},"inLanguage":"pt-BR","potentialAction":[{"@type":"ReadAction","target":["https:\/\/www.vamosdelongevidade.com.br\/blog\/como-estamos-construindo-vdl\/"]}]},{"@type":"ImageObject","inLanguage":"pt-BR","@id":"https:\/\/www.vamosdelongevidade.com.br\/blog\/como-estamos-construindo-vdl\/#primaryimage","url":"https:\/\/www.vamosdelongevidade.com.br\/blog\/wp-content\/uploads\/2026\/04\/como-estamos-construindo-vdl.jpg","contentUrl":"https:\/\/www.vamosdelongevidade.com.br\/blog\/wp-content\/uploads\/2026\/04\/como-estamos-construindo-vdl.jpg","width":1075,"height":740,"caption":"Do consult\u00f3rio ao c\u00f3digo: como estamos construindo a \"casa digital\" do VDL"},{"@type":"BreadcrumbList","@id":"https:\/\/www.vamosdelongevidade.com.br\/blog\/como-estamos-construindo-vdl\/#breadcrumb","itemListElement":[{"@type":"ListItem","position":1,"name":"In\u00edcio","item":"https:\/\/www.vamosdelongevidade.com.br\/blog\/"},{"@type":"ListItem","position":2,"name":"Do consult\u00f3rio ao c\u00f3digo: como estamos construindo a &#8220;casa digital&#8221; do VDL"}]},{"@type":"WebSite","@id":"https:\/\/www.vamosdelongevidade.com.br\/blog\/#website","url":"https:\/\/www.vamosdelongevidade.com.br\/blog\/","name":"Blog Vamos de Longevidade","description":"Decida agora, comece hoje","publisher":{"@id":"https:\/\/www.vamosdelongevidade.com.br\/blog\/#organization"},"potentialAction":[{"@type":"SearchAction","target":{"@type":"EntryPoint","urlTemplate":"https:\/\/www.vamosdelongevidade.com.br\/blog\/?s={search_term_string}"},"query-input":{"@type":"PropertyValueSpecification","valueRequired":true,"valueName":"search_term_string"}}],"inLanguage":"pt-BR"},{"@type":"Organization","@id":"https:\/\/www.vamosdelongevidade.com.br\/blog\/#organization","name":"Blog Vamos de Longevidade","url":"https:\/\/www.vamosdelongevidade.com.br\/blog\/","logo":{"@type":"ImageObject","inLanguage":"pt-BR","@id":"https:\/\/www.vamosdelongevidade.com.br\/blog\/#\/schema\/logo\/image\/","url":"https:\/\/www.vamosdelongevidade.com.br\/blog\/wp-content\/uploads\/2026\/02\/logo-vdl.png","contentUrl":"https:\/\/www.vamosdelongevidade.com.br\/blog\/wp-content\/uploads\/2026\/02\/logo-vdl.png","width":768,"height":298,"caption":"Blog Vamos de Longevidade"},"image":{"@id":"https:\/\/www.vamosdelongevidade.com.br\/blog\/#\/schema\/logo\/image\/"},"sameAs":["https:\/\/www.facebook.com\/vamosdelongevidade","https:\/\/x.com\/VDLongevidade","https:\/\/www.instagram.com\/vamosdelongevidade","https:\/\/www.youtube.com\/@vamosdelongevidade","https:\/\/www.tiktok.com\/@vamosdelongevidade","https:\/\/br.pinterest.com\/vamosdelongevidade"]},{"@type":"Person","@id":"https:\/\/www.vamosdelongevidade.com.br\/blog\/#\/schema\/person\/e363044733616a3342ddb2ff2f367db4","name":"Priscila Diana","image":{"@type":"ImageObject","inLanguage":"pt-BR","@id":"https:\/\/www.vamosdelongevidade.com.br\/blog\/wp-content\/uploads\/2026\/04\/priscila-diana.jpg","url":"https:\/\/www.vamosdelongevidade.com.br\/blog\/wp-content\/uploads\/2026\/04\/priscila-diana.jpg","contentUrl":"https:\/\/www.vamosdelongevidade.com.br\/blog\/wp-content\/uploads\/2026\/04\/priscila-diana.jpg","caption":"Priscila Diana"},"description":"Formada em Recursos Humanos, com dois anos de atua\u00e7\u00e3o na \u00e1rea. Desde 2019, facilita processos terap\u00eauticos como Naturopata Hol\u00edstica, consolidando uma bagagem cl\u00ednica que une viv\u00eancia pr\u00e1tica a um m\u00e9todo educativo. P\u00f3s-graduanda em Psican\u00e1lise, Constela\u00e7\u00e3o Familiar e Terapias Naturais, \u00e9 Mestra Reiki e idealizadora do VDL. Sua miss\u00e3o \u00e9 tornar acess\u00edveis informa\u00e7\u00f5es e h\u00e1bitos di\u00e1rios que promovem longevidade e presen\u00e7a de forma hol\u00edstica.","url":"https:\/\/www.vamosdelongevidade.com.br\/blog\/author\/prisciladiana\/"}]}},"_links":{"self":[{"href":"https:\/\/www.vamosdelongevidade.com.br\/blog\/wp-json\/wp\/v2\/posts\/416","targetHints":{"allow":["GET"]}}],"collection":[{"href":"https:\/\/www.vamosdelongevidade.com.br\/blog\/wp-json\/wp\/v2\/posts"}],"about":[{"href":"https:\/\/www.vamosdelongevidade.com.br\/blog\/wp-json\/wp\/v2\/types\/post"}],"author":[{"embeddable":true,"href":"https:\/\/www.vamosdelongevidade.com.br\/blog\/wp-json\/wp\/v2\/users\/2"}],"replies":[{"embeddable":true,"href":"https:\/\/www.vamosdelongevidade.com.br\/blog\/wp-json\/wp\/v2\/comments?post=416"}],"version-history":[{"count":7,"href":"https:\/\/www.vamosdelongevidade.com.br\/blog\/wp-json\/wp\/v2\/posts\/416\/revisions"}],"predecessor-version":[{"id":433,"href":"https:\/\/www.vamosdelongevidade.com.br\/blog\/wp-json\/wp\/v2\/posts\/416\/revisions\/433"}],"wp:featuredmedia":[{"embeddable":true,"href":"https:\/\/www.vamosdelongevidade.com.br\/blog\/wp-json\/wp\/v2\/media\/434"}],"wp:attachment":[{"href":"https:\/\/www.vamosdelongevidade.com.br\/blog\/wp-json\/wp\/v2\/media?parent=416"}],"wp:term":[{"taxonomy":"category","embeddable":true,"href":"https:\/\/www.vamosdelongevidade.com.br\/blog\/wp-json\/wp\/v2\/categories?post=416"},{"taxonomy":"post_tag","embeddable":true,"href":"https:\/\/www.vamosdelongevidade.com.br\/blog\/wp-json\/wp\/v2\/tags?post=416"}],"curies":[{"name":"wp","href":"https:\/\/api.w.org\/{rel}","templated":true}]}}