{"id":412,"date":"2026-04-02T14:55:57","date_gmt":"2026-04-02T17:55:57","guid":{"rendered":"https:\/\/www.vamosdelongevidade.com.br\/blog\/?p=412"},"modified":"2026-04-02T14:57:55","modified_gmt":"2026-04-02T17:57:55","slug":"minha-jornada-de-autoconhecimento","status":"publish","type":"post","link":"https:\/\/www.vamosdelongevidade.com.br\/blog\/minha-jornada-de-autoconhecimento\/","title":{"rendered":"Da exaust\u00e3o ao prop\u00f3sito: minha jornada de autoconhecimento e o nascimento do VDL"},"content":{"rendered":"\n<p>Seja muito bem-vindo(a) ao blog do <strong>Vamos de Longevidade (VDL)<\/strong>. Eu sou uma das idealizadoras deste projeto e, antes de mergulharmos nas ferramentas de autocura, preciso te contar como cheguei at\u00e9 aqui. Minha trajet\u00f3ria foi moldada por desafios e pelo desejo constante de autoconhecimento, em um profundo processo educativo, espiritual e de expans\u00e3o de consci\u00eancia.<\/p>\n\n\n\n<h2 class=\"wp-block-heading\">A base: do com\u00e9rcio \u00e0 gest\u00e3o de pessoas<\/h2>\n\n\n\n<p>Minha jornada profissional come\u00e7ou cedo. Trabalhei no com\u00e9rcio, tive minha pr\u00f3pria empresa de telemensagens e atuei como <em>promoter<\/em>. Senti que minha vis\u00e3o sobre sa\u00fade precisava de um olhar mais humano e, ap\u00f3s concluir minha forma\u00e7\u00e3o acad\u00eamica em <strong>Recursos Humanos<\/strong>, atuei estrategicamente em RH e Departamento Pessoal.<\/p>\n\n\n\n<p>Foi lidando com as press\u00f5es do mundo corporativo que decidi que era hora de buscar minha liberdade e come\u00e7ar a empreender.<\/p>\n\n\n\n<h2 class=\"wp-block-heading\">O ciclo do empreendedorismo e o despertar (2011 &#8211; 2021)<\/h2>\n\n\n\n<p>Entre 2011 e 2021, dediquei-me ao ramo aliment\u00edcio. Foram dez anos de muito aprendizado, mas o ano de 2017 trouxe o meu grande divisor de \u00e1guas com o falecimento do meu pai. Esse impacto profundo foi o estopim para eu iniciar minha pr\u00f3pria psicoterapia e minha forma\u00e7\u00e3o como <strong>Terapeuta Naturopata<\/strong>.<\/p>\n\n\n\n<p>Em 2019, comecei meus primeiros atendimentos cl\u00ednicos, iniciando uma jornada dupla at\u00e9 que, em dezembro de 2021, decidi me dedicar integralmente \u00e0 miss\u00e3o de ser terapeuta.<\/p>\n\n\n\n<h2 class=\"wp-block-heading\">A prova de fogo e a adapta\u00e7\u00e3o do prop\u00f3sito (2022 &#8211; hoje)<\/h2>\n\n\n\n<p>No in\u00edcio de 2022, enfrentei uma separa\u00e7\u00e3o desafiadora. Vi-me m\u00e3e solo e precisei aplicar em mim mesma cada ferramenta que estudei. Em 2024, tornei-me m\u00e3e solo de duas crian\u00e7as. Sem rede de apoio e com o tempo escasso, percebi que o modelo de atendimentos individuais precisava evoluir.<\/p>\n\n\n\n<p>Com um beb\u00ea pequeno e a vontade de continuar servindo, entendi que a internet permitiria unificar meu conhecimento em um <strong>ecossistema digital<\/strong>, atingindo mais pessoas e garantindo que meu prop\u00f3sito ganhasse escala.<\/p>\n\n\n\n<h2 class=\"wp-block-heading\">O VDL: a digitaliza\u00e7\u00e3o de uma biografia de cura<\/h2>\n\n\n\n<p>Desde o final de 2025, o <strong>VDL<\/strong> vem sendo gestado. Ele nasce com o objetivo de unificar e tornar acess\u00edvel toda a bagagem pr\u00e1tica que adquiri em anos de psicoterapia e in\u00fameras terapias hol\u00edsticas.<\/p>\n\n\n\n<p>O que voc\u00ea encontrar\u00e1 no VDL \u00e9 fruto da minha pr\u00f3pria biografia. Eu pratiquei e validei cada t\u00e9cnica que estou trazendo para o digital: desde o <strong>Reiki<\/strong> e a <strong>PNL (Programa\u00e7\u00e3o Neurolingu\u00edstica)<\/strong> at\u00e9 harmoniza\u00e7\u00f5es de chakras, <strong>pranayamas<\/strong> e diversas outras terapias integrativas.<\/p>\n\n\n\n<h2 class=\"wp-block-heading\">Uma sociedade de prop\u00f3sito e tecnologia<\/h2>\n\n\n\n<p>Para materializar essa vis\u00e3o, uni for\u00e7as com meu s\u00f3cio, o James. Ele \u00e9 programador e especialista em lan\u00e7ar aplicativos, trazendo o bra\u00e7o tecnol\u00f3gico necess\u00e1rio para fazer esse projeto nascer. Estamos trabalhando juntos desde 2025, unindo minha sabedoria terap\u00eautica com a expertise dele em transformar ideias em plataformas digitais fluidas.<\/p>\n\n\n\n<h3 class=\"wp-block-heading\">Minha base t\u00e9cnica e a vis\u00e3o do ecossistema<\/h3>\n\n\n\n<p>Hoje, minha pr\u00e1tica e a curadoria do VDL s\u00e3o sustentadas por uma forma\u00e7\u00e3o s\u00f3lida e em constante evolu\u00e7\u00e3o:<\/p>\n\n\n\n<ul class=\"wp-block-list\">\n<li><strong>Naturopatia Hol\u00edstica<\/strong> e P\u00f3s-gradua\u00e7\u00e3o em Terapias Naturais (em conclus\u00e3o).<\/li>\n\n\n\n<li><strong>P\u00f3s-gradua\u00e7\u00e3o em Psican\u00e1lise<\/strong> e P\u00f3s-gradua\u00e7\u00e3o em Constela\u00e7\u00e3o Familiar (em conclus\u00e3o).<\/li>\n\n\n\n<li><strong>Mestra Reiki.<\/strong><\/li>\n<\/ul>\n\n\n\n<p>Juntos, estamos construindo o <strong>Ecossistema VDL<\/strong> atrav\u00e9s de 5 pilares fundamentais:<\/p>\n\n\n\n<ol start=\"1\" class=\"wp-block-list\">\n<li>Presen\u00e7a<\/li>\n\n\n\n<li>Autocuidado<\/li>\n\n\n\n<li>Autocura<\/li>\n\n\n\n<li>Autodesenvolvimento<\/li>\n\n\n\n<li>Autoconhecimento<\/li>\n<\/ol>\n\n\n\n<p>Convido voc\u00ea a acompanhar conosco o nascimento dessa jornada.<\/p>\n","protected":false},"excerpt":{"rendered":"<p>Seja muito bem-vindo(a) ao blog do Vamos de Longevidade (VDL). Eu sou uma das idealizadoras deste projeto e, antes de mergulharmos nas ferramentas de autocura, preciso te contar como cheguei at\u00e9 aqui. Minha trajet\u00f3ria foi moldada por desafios e pelo desejo constante de autoconhecimento, em um profundo processo educativo, espiritual e de expans\u00e3o de consci\u00eancia. [&hellip;]<\/p>\n","protected":false},"author":2,"featured_media":415,"comment_status":"open","ping_status":"open","sticky":false,"template":"","format":"standard","meta":{"destaque":"","footnotes":""},"categories":[66],"tags":[],"class_list":["post-412","post","type-post","status-publish","format-standard","has-post-thumbnail","hentry","category-idealizadores-vdl"],"yoast_head":"<!-- This site is optimized with the Yoast SEO plugin v27.3 - https:\/\/yoast.com\/product\/yoast-seo-wordpress\/ -->\n<title>Da exaust\u00e3o ao prop\u00f3sito: minha jornada de autoconhecimento e o nascimento do VDL - Blog Vamos de Longevidade<\/title>\n<meta name=\"robots\" content=\"index, follow, max-snippet:-1, max-image-preview:large, max-video-preview:-1\" \/>\n<link rel=\"canonical\" href=\"https:\/\/www.vamosdelongevidade.com.br\/blog\/minha-jornada-de-autoconhecimento\/\" \/>\n<meta property=\"og:locale\" content=\"pt_BR\" \/>\n<meta property=\"og:type\" content=\"article\" \/>\n<meta property=\"og:title\" content=\"Da exaust\u00e3o ao prop\u00f3sito: minha jornada de autoconhecimento e o nascimento do VDL - Blog Vamos de Longevidade\" \/>\n<meta property=\"og:description\" content=\"Seja muito bem-vindo(a) ao blog do Vamos de Longevidade (VDL). Eu sou uma das idealizadoras deste projeto e, antes de mergulharmos nas ferramentas de autocura, preciso te contar como cheguei at\u00e9 aqui. Minha trajet\u00f3ria foi moldada por desafios e pelo desejo constante de autoconhecimento, em um profundo processo educativo, espiritual e de expans\u00e3o de consci\u00eancia. [&hellip;]\" \/>\n<meta property=\"og:url\" content=\"https:\/\/www.vamosdelongevidade.com.br\/blog\/minha-jornada-de-autoconhecimento\/\" \/>\n<meta property=\"og:site_name\" content=\"Blog Vamos de Longevidade\" \/>\n<meta property=\"article:publisher\" content=\"https:\/\/www.facebook.com\/vamosdelongevidade\" \/>\n<meta property=\"article:published_time\" content=\"2026-04-02T17:55:57+00:00\" \/>\n<meta property=\"article:modified_time\" content=\"2026-04-02T17:57:55+00:00\" \/>\n<meta property=\"og:image\" content=\"https:\/\/www.vamosdelongevidade.com.br\/blog\/wp-content\/uploads\/2026\/04\/minha-jornada-de-autoconhecimento.jpg\" \/>\n\t<meta property=\"og:image:width\" content=\"1075\" \/>\n\t<meta property=\"og:image:height\" content=\"740\" \/>\n\t<meta property=\"og:image:type\" content=\"image\/jpeg\" \/>\n<meta name=\"author\" content=\"Priscila Diana\" \/>\n<meta name=\"twitter:card\" content=\"summary_large_image\" \/>\n<meta name=\"twitter:creator\" content=\"@VDLongevidade\" \/>\n<meta name=\"twitter:site\" content=\"@VDLongevidade\" \/>\n<meta name=\"twitter:label1\" content=\"Escrito por\" \/>\n\t<meta name=\"twitter:data1\" content=\"Priscila Diana\" \/>\n\t<meta name=\"twitter:label2\" content=\"Est. tempo de leitura\" \/>\n\t<meta name=\"twitter:data2\" content=\"3 minutos\" \/>\n<script type=\"application\/ld+json\" class=\"yoast-schema-graph\">{\"@context\":\"https:\\\/\\\/schema.org\",\"@graph\":[{\"@type\":\"Article\",\"@id\":\"https:\\\/\\\/www.vamosdelongevidade.com.br\\\/blog\\\/minha-jornada-de-autoconhecimento\\\/#article\",\"isPartOf\":{\"@id\":\"https:\\\/\\\/www.vamosdelongevidade.com.br\\\/blog\\\/minha-jornada-de-autoconhecimento\\\/\"},\"author\":{\"name\":\"Priscila Diana\",\"@id\":\"https:\\\/\\\/www.vamosdelongevidade.com.br\\\/blog\\\/#\\\/schema\\\/person\\\/e363044733616a3342ddb2ff2f367db4\"},\"headline\":\"Da exaust\u00e3o ao prop\u00f3sito: minha jornada de autoconhecimento e o nascimento do VDL\",\"datePublished\":\"2026-04-02T17:55:57+00:00\",\"dateModified\":\"2026-04-02T17:57:55+00:00\",\"mainEntityOfPage\":{\"@id\":\"https:\\\/\\\/www.vamosdelongevidade.com.br\\\/blog\\\/minha-jornada-de-autoconhecimento\\\/\"},\"wordCount\":585,\"commentCount\":0,\"publisher\":{\"@id\":\"https:\\\/\\\/www.vamosdelongevidade.com.br\\\/blog\\\/#organization\"},\"image\":{\"@id\":\"https:\\\/\\\/www.vamosdelongevidade.com.br\\\/blog\\\/minha-jornada-de-autoconhecimento\\\/#primaryimage\"},\"thumbnailUrl\":\"https:\\\/\\\/www.vamosdelongevidade.com.br\\\/blog\\\/wp-content\\\/uploads\\\/2026\\\/04\\\/minha-jornada-de-autoconhecimento.jpg\",\"articleSection\":[\"Idealizadores VDL\"],\"inLanguage\":\"pt-BR\",\"potentialAction\":[{\"@type\":\"CommentAction\",\"name\":\"Comment\",\"target\":[\"https:\\\/\\\/www.vamosdelongevidade.com.br\\\/blog\\\/minha-jornada-de-autoconhecimento\\\/#respond\"]}]},{\"@type\":\"WebPage\",\"@id\":\"https:\\\/\\\/www.vamosdelongevidade.com.br\\\/blog\\\/minha-jornada-de-autoconhecimento\\\/\",\"url\":\"https:\\\/\\\/www.vamosdelongevidade.com.br\\\/blog\\\/minha-jornada-de-autoconhecimento\\\/\",\"name\":\"Da exaust\u00e3o ao prop\u00f3sito: minha jornada de autoconhecimento e o nascimento do VDL - Blog Vamos de Longevidade\",\"isPartOf\":{\"@id\":\"https:\\\/\\\/www.vamosdelongevidade.com.br\\\/blog\\\/#website\"},\"primaryImageOfPage\":{\"@id\":\"https:\\\/\\\/www.vamosdelongevidade.com.br\\\/blog\\\/minha-jornada-de-autoconhecimento\\\/#primaryimage\"},\"image\":{\"@id\":\"https:\\\/\\\/www.vamosdelongevidade.com.br\\\/blog\\\/minha-jornada-de-autoconhecimento\\\/#primaryimage\"},\"thumbnailUrl\":\"https:\\\/\\\/www.vamosdelongevidade.com.br\\\/blog\\\/wp-content\\\/uploads\\\/2026\\\/04\\\/minha-jornada-de-autoconhecimento.jpg\",\"datePublished\":\"2026-04-02T17:55:57+00:00\",\"dateModified\":\"2026-04-02T17:57:55+00:00\",\"breadcrumb\":{\"@id\":\"https:\\\/\\\/www.vamosdelongevidade.com.br\\\/blog\\\/minha-jornada-de-autoconhecimento\\\/#breadcrumb\"},\"inLanguage\":\"pt-BR\",\"potentialAction\":[{\"@type\":\"ReadAction\",\"target\":[\"https:\\\/\\\/www.vamosdelongevidade.com.br\\\/blog\\\/minha-jornada-de-autoconhecimento\\\/\"]}]},{\"@type\":\"ImageObject\",\"inLanguage\":\"pt-BR\",\"@id\":\"https:\\\/\\\/www.vamosdelongevidade.com.br\\\/blog\\\/minha-jornada-de-autoconhecimento\\\/#primaryimage\",\"url\":\"https:\\\/\\\/www.vamosdelongevidade.com.br\\\/blog\\\/wp-content\\\/uploads\\\/2026\\\/04\\\/minha-jornada-de-autoconhecimento.jpg\",\"contentUrl\":\"https:\\\/\\\/www.vamosdelongevidade.com.br\\\/blog\\\/wp-content\\\/uploads\\\/2026\\\/04\\\/minha-jornada-de-autoconhecimento.jpg\",\"width\":1075,\"height\":740,\"caption\":\"Da exaust\u00e3o ao prop\u00f3sito: minha jornada de autoconhecimento e o nascimento do VDL\"},{\"@type\":\"BreadcrumbList\",\"@id\":\"https:\\\/\\\/www.vamosdelongevidade.com.br\\\/blog\\\/minha-jornada-de-autoconhecimento\\\/#breadcrumb\",\"itemListElement\":[{\"@type\":\"ListItem\",\"position\":1,\"name\":\"In\u00edcio\",\"item\":\"https:\\\/\\\/www.vamosdelongevidade.com.br\\\/blog\\\/\"},{\"@type\":\"ListItem\",\"position\":2,\"name\":\"Da exaust\u00e3o ao prop\u00f3sito: minha jornada de autoconhecimento e o nascimento do VDL\"}]},{\"@type\":\"WebSite\",\"@id\":\"https:\\\/\\\/www.vamosdelongevidade.com.br\\\/blog\\\/#website\",\"url\":\"https:\\\/\\\/www.vamosdelongevidade.com.br\\\/blog\\\/\",\"name\":\"Blog Vamos de Longevidade\",\"description\":\"Decida agora, comece hoje\",\"publisher\":{\"@id\":\"https:\\\/\\\/www.vamosdelongevidade.com.br\\\/blog\\\/#organization\"},\"potentialAction\":[{\"@type\":\"SearchAction\",\"target\":{\"@type\":\"EntryPoint\",\"urlTemplate\":\"https:\\\/\\\/www.vamosdelongevidade.com.br\\\/blog\\\/?s={search_term_string}\"},\"query-input\":{\"@type\":\"PropertyValueSpecification\",\"valueRequired\":true,\"valueName\":\"search_term_string\"}}],\"inLanguage\":\"pt-BR\"},{\"@type\":\"Organization\",\"@id\":\"https:\\\/\\\/www.vamosdelongevidade.com.br\\\/blog\\\/#organization\",\"name\":\"Blog Vamos de Longevidade\",\"url\":\"https:\\\/\\\/www.vamosdelongevidade.com.br\\\/blog\\\/\",\"logo\":{\"@type\":\"ImageObject\",\"inLanguage\":\"pt-BR\",\"@id\":\"https:\\\/\\\/www.vamosdelongevidade.com.br\\\/blog\\\/#\\\/schema\\\/logo\\\/image\\\/\",\"url\":\"https:\\\/\\\/www.vamosdelongevidade.com.br\\\/blog\\\/wp-content\\\/uploads\\\/2026\\\/02\\\/logo-vdl.png\",\"contentUrl\":\"https:\\\/\\\/www.vamosdelongevidade.com.br\\\/blog\\\/wp-content\\\/uploads\\\/2026\\\/02\\\/logo-vdl.png\",\"width\":768,\"height\":298,\"caption\":\"Blog Vamos de Longevidade\"},\"image\":{\"@id\":\"https:\\\/\\\/www.vamosdelongevidade.com.br\\\/blog\\\/#\\\/schema\\\/logo\\\/image\\\/\"},\"sameAs\":[\"https:\\\/\\\/www.facebook.com\\\/vamosdelongevidade\",\"https:\\\/\\\/x.com\\\/VDLongevidade\",\"https:\\\/\\\/www.instagram.com\\\/vamosdelongevidade\",\"https:\\\/\\\/www.youtube.com\\\/@vamosdelongevidade\",\"https:\\\/\\\/www.tiktok.com\\\/@vamosdelongevidade\",\"https:\\\/\\\/br.pinterest.com\\\/vamosdelongevidade\"]},{\"@type\":\"Person\",\"@id\":\"https:\\\/\\\/www.vamosdelongevidade.com.br\\\/blog\\\/#\\\/schema\\\/person\\\/e363044733616a3342ddb2ff2f367db4\",\"name\":\"Priscila Diana\",\"image\":{\"@type\":\"ImageObject\",\"inLanguage\":\"pt-BR\",\"@id\":\"https:\\\/\\\/www.vamosdelongevidade.com.br\\\/blog\\\/wp-content\\\/uploads\\\/2026\\\/04\\\/priscila-diana.jpg\",\"url\":\"https:\\\/\\\/www.vamosdelongevidade.com.br\\\/blog\\\/wp-content\\\/uploads\\\/2026\\\/04\\\/priscila-diana.jpg\",\"contentUrl\":\"https:\\\/\\\/www.vamosdelongevidade.com.br\\\/blog\\\/wp-content\\\/uploads\\\/2026\\\/04\\\/priscila-diana.jpg\",\"caption\":\"Priscila Diana\"},\"description\":\"Formada em Recursos Humanos, com dois anos de atua\u00e7\u00e3o na \u00e1rea. Desde 2019, facilita processos terap\u00eauticos como Naturopata Hol\u00edstica, consolidando uma bagagem cl\u00ednica que une viv\u00eancia pr\u00e1tica a um m\u00e9todo educativo. P\u00f3s-graduanda em Psican\u00e1lise, Constela\u00e7\u00e3o Familiar e Terapias Naturais, \u00e9 Mestra Reiki e idealizadora do VDL. Sua miss\u00e3o \u00e9 tornar acess\u00edveis informa\u00e7\u00f5es e h\u00e1bitos di\u00e1rios que promovem longevidade e presen\u00e7a de forma hol\u00edstica.\",\"url\":\"https:\\\/\\\/www.vamosdelongevidade.com.br\\\/blog\\\/author\\\/prisciladiana\\\/\"}]}<\/script>\n<!-- \/ Yoast SEO plugin. -->","yoast_head_json":{"title":"Da exaust\u00e3o ao prop\u00f3sito: minha jornada de autoconhecimento e o nascimento do VDL - Blog Vamos de Longevidade","robots":{"index":"index","follow":"follow","max-snippet":"max-snippet:-1","max-image-preview":"max-image-preview:large","max-video-preview":"max-video-preview:-1"},"canonical":"https:\/\/www.vamosdelongevidade.com.br\/blog\/minha-jornada-de-autoconhecimento\/","og_locale":"pt_BR","og_type":"article","og_title":"Da exaust\u00e3o ao prop\u00f3sito: minha jornada de autoconhecimento e o nascimento do VDL - Blog Vamos de Longevidade","og_description":"Seja muito bem-vindo(a) ao blog do Vamos de Longevidade (VDL). Eu sou uma das idealizadoras deste projeto e, antes de mergulharmos nas ferramentas de autocura, preciso te contar como cheguei at\u00e9 aqui. Minha trajet\u00f3ria foi moldada por desafios e pelo desejo constante de autoconhecimento, em um profundo processo educativo, espiritual e de expans\u00e3o de consci\u00eancia. [&hellip;]","og_url":"https:\/\/www.vamosdelongevidade.com.br\/blog\/minha-jornada-de-autoconhecimento\/","og_site_name":"Blog Vamos de Longevidade","article_publisher":"https:\/\/www.facebook.com\/vamosdelongevidade","article_published_time":"2026-04-02T17:55:57+00:00","article_modified_time":"2026-04-02T17:57:55+00:00","og_image":[{"width":1075,"height":740,"url":"https:\/\/www.vamosdelongevidade.com.br\/blog\/wp-content\/uploads\/2026\/04\/minha-jornada-de-autoconhecimento.jpg","type":"image\/jpeg"}],"author":"Priscila Diana","twitter_card":"summary_large_image","twitter_creator":"@VDLongevidade","twitter_site":"@VDLongevidade","twitter_misc":{"Escrito por":"Priscila Diana","Est. tempo de leitura":"3 minutos"},"schema":{"@context":"https:\/\/schema.org","@graph":[{"@type":"Article","@id":"https:\/\/www.vamosdelongevidade.com.br\/blog\/minha-jornada-de-autoconhecimento\/#article","isPartOf":{"@id":"https:\/\/www.vamosdelongevidade.com.br\/blog\/minha-jornada-de-autoconhecimento\/"},"author":{"name":"Priscila Diana","@id":"https:\/\/www.vamosdelongevidade.com.br\/blog\/#\/schema\/person\/e363044733616a3342ddb2ff2f367db4"},"headline":"Da exaust\u00e3o ao prop\u00f3sito: minha jornada de autoconhecimento e o nascimento do VDL","datePublished":"2026-04-02T17:55:57+00:00","dateModified":"2026-04-02T17:57:55+00:00","mainEntityOfPage":{"@id":"https:\/\/www.vamosdelongevidade.com.br\/blog\/minha-jornada-de-autoconhecimento\/"},"wordCount":585,"commentCount":0,"publisher":{"@id":"https:\/\/www.vamosdelongevidade.com.br\/blog\/#organization"},"image":{"@id":"https:\/\/www.vamosdelongevidade.com.br\/blog\/minha-jornada-de-autoconhecimento\/#primaryimage"},"thumbnailUrl":"https:\/\/www.vamosdelongevidade.com.br\/blog\/wp-content\/uploads\/2026\/04\/minha-jornada-de-autoconhecimento.jpg","articleSection":["Idealizadores VDL"],"inLanguage":"pt-BR","potentialAction":[{"@type":"CommentAction","name":"Comment","target":["https:\/\/www.vamosdelongevidade.com.br\/blog\/minha-jornada-de-autoconhecimento\/#respond"]}]},{"@type":"WebPage","@id":"https:\/\/www.vamosdelongevidade.com.br\/blog\/minha-jornada-de-autoconhecimento\/","url":"https:\/\/www.vamosdelongevidade.com.br\/blog\/minha-jornada-de-autoconhecimento\/","name":"Da exaust\u00e3o ao prop\u00f3sito: minha jornada de autoconhecimento e o nascimento do VDL - Blog Vamos de Longevidade","isPartOf":{"@id":"https:\/\/www.vamosdelongevidade.com.br\/blog\/#website"},"primaryImageOfPage":{"@id":"https:\/\/www.vamosdelongevidade.com.br\/blog\/minha-jornada-de-autoconhecimento\/#primaryimage"},"image":{"@id":"https:\/\/www.vamosdelongevidade.com.br\/blog\/minha-jornada-de-autoconhecimento\/#primaryimage"},"thumbnailUrl":"https:\/\/www.vamosdelongevidade.com.br\/blog\/wp-content\/uploads\/2026\/04\/minha-jornada-de-autoconhecimento.jpg","datePublished":"2026-04-02T17:55:57+00:00","dateModified":"2026-04-02T17:57:55+00:00","breadcrumb":{"@id":"https:\/\/www.vamosdelongevidade.com.br\/blog\/minha-jornada-de-autoconhecimento\/#breadcrumb"},"inLanguage":"pt-BR","potentialAction":[{"@type":"ReadAction","target":["https:\/\/www.vamosdelongevidade.com.br\/blog\/minha-jornada-de-autoconhecimento\/"]}]},{"@type":"ImageObject","inLanguage":"pt-BR","@id":"https:\/\/www.vamosdelongevidade.com.br\/blog\/minha-jornada-de-autoconhecimento\/#primaryimage","url":"https:\/\/www.vamosdelongevidade.com.br\/blog\/wp-content\/uploads\/2026\/04\/minha-jornada-de-autoconhecimento.jpg","contentUrl":"https:\/\/www.vamosdelongevidade.com.br\/blog\/wp-content\/uploads\/2026\/04\/minha-jornada-de-autoconhecimento.jpg","width":1075,"height":740,"caption":"Da exaust\u00e3o ao prop\u00f3sito: minha jornada de autoconhecimento e o nascimento do VDL"},{"@type":"BreadcrumbList","@id":"https:\/\/www.vamosdelongevidade.com.br\/blog\/minha-jornada-de-autoconhecimento\/#breadcrumb","itemListElement":[{"@type":"ListItem","position":1,"name":"In\u00edcio","item":"https:\/\/www.vamosdelongevidade.com.br\/blog\/"},{"@type":"ListItem","position":2,"name":"Da exaust\u00e3o ao prop\u00f3sito: minha jornada de autoconhecimento e o nascimento do VDL"}]},{"@type":"WebSite","@id":"https:\/\/www.vamosdelongevidade.com.br\/blog\/#website","url":"https:\/\/www.vamosdelongevidade.com.br\/blog\/","name":"Blog Vamos de Longevidade","description":"Decida agora, comece hoje","publisher":{"@id":"https:\/\/www.vamosdelongevidade.com.br\/blog\/#organization"},"potentialAction":[{"@type":"SearchAction","target":{"@type":"EntryPoint","urlTemplate":"https:\/\/www.vamosdelongevidade.com.br\/blog\/?s={search_term_string}"},"query-input":{"@type":"PropertyValueSpecification","valueRequired":true,"valueName":"search_term_string"}}],"inLanguage":"pt-BR"},{"@type":"Organization","@id":"https:\/\/www.vamosdelongevidade.com.br\/blog\/#organization","name":"Blog Vamos de Longevidade","url":"https:\/\/www.vamosdelongevidade.com.br\/blog\/","logo":{"@type":"ImageObject","inLanguage":"pt-BR","@id":"https:\/\/www.vamosdelongevidade.com.br\/blog\/#\/schema\/logo\/image\/","url":"https:\/\/www.vamosdelongevidade.com.br\/blog\/wp-content\/uploads\/2026\/02\/logo-vdl.png","contentUrl":"https:\/\/www.vamosdelongevidade.com.br\/blog\/wp-content\/uploads\/2026\/02\/logo-vdl.png","width":768,"height":298,"caption":"Blog Vamos de Longevidade"},"image":{"@id":"https:\/\/www.vamosdelongevidade.com.br\/blog\/#\/schema\/logo\/image\/"},"sameAs":["https:\/\/www.facebook.com\/vamosdelongevidade","https:\/\/x.com\/VDLongevidade","https:\/\/www.instagram.com\/vamosdelongevidade","https:\/\/www.youtube.com\/@vamosdelongevidade","https:\/\/www.tiktok.com\/@vamosdelongevidade","https:\/\/br.pinterest.com\/vamosdelongevidade"]},{"@type":"Person","@id":"https:\/\/www.vamosdelongevidade.com.br\/blog\/#\/schema\/person\/e363044733616a3342ddb2ff2f367db4","name":"Priscila Diana","image":{"@type":"ImageObject","inLanguage":"pt-BR","@id":"https:\/\/www.vamosdelongevidade.com.br\/blog\/wp-content\/uploads\/2026\/04\/priscila-diana.jpg","url":"https:\/\/www.vamosdelongevidade.com.br\/blog\/wp-content\/uploads\/2026\/04\/priscila-diana.jpg","contentUrl":"https:\/\/www.vamosdelongevidade.com.br\/blog\/wp-content\/uploads\/2026\/04\/priscila-diana.jpg","caption":"Priscila Diana"},"description":"Formada em Recursos Humanos, com dois anos de atua\u00e7\u00e3o na \u00e1rea. Desde 2019, facilita processos terap\u00eauticos como Naturopata Hol\u00edstica, consolidando uma bagagem cl\u00ednica que une viv\u00eancia pr\u00e1tica a um m\u00e9todo educativo. P\u00f3s-graduanda em Psican\u00e1lise, Constela\u00e7\u00e3o Familiar e Terapias Naturais, \u00e9 Mestra Reiki e idealizadora do VDL. Sua miss\u00e3o \u00e9 tornar acess\u00edveis informa\u00e7\u00f5es e h\u00e1bitos di\u00e1rios que promovem longevidade e presen\u00e7a de forma hol\u00edstica.","url":"https:\/\/www.vamosdelongevidade.com.br\/blog\/author\/prisciladiana\/"}]}},"_links":{"self":[{"href":"https:\/\/www.vamosdelongevidade.com.br\/blog\/wp-json\/wp\/v2\/posts\/412","targetHints":{"allow":["GET"]}}],"collection":[{"href":"https:\/\/www.vamosdelongevidade.com.br\/blog\/wp-json\/wp\/v2\/posts"}],"about":[{"href":"https:\/\/www.vamosdelongevidade.com.br\/blog\/wp-json\/wp\/v2\/types\/post"}],"author":[{"embeddable":true,"href":"https:\/\/www.vamosdelongevidade.com.br\/blog\/wp-json\/wp\/v2\/users\/2"}],"replies":[{"embeddable":true,"href":"https:\/\/www.vamosdelongevidade.com.br\/blog\/wp-json\/wp\/v2\/comments?post=412"}],"version-history":[{"count":1,"href":"https:\/\/www.vamosdelongevidade.com.br\/blog\/wp-json\/wp\/v2\/posts\/412\/revisions"}],"predecessor-version":[{"id":414,"href":"https:\/\/www.vamosdelongevidade.com.br\/blog\/wp-json\/wp\/v2\/posts\/412\/revisions\/414"}],"wp:featuredmedia":[{"embeddable":true,"href":"https:\/\/www.vamosdelongevidade.com.br\/blog\/wp-json\/wp\/v2\/media\/415"}],"wp:attachment":[{"href":"https:\/\/www.vamosdelongevidade.com.br\/blog\/wp-json\/wp\/v2\/media?parent=412"}],"wp:term":[{"taxonomy":"category","embeddable":true,"href":"https:\/\/www.vamosdelongevidade.com.br\/blog\/wp-json\/wp\/v2\/categories?post=412"},{"taxonomy":"post_tag","embeddable":true,"href":"https:\/\/www.vamosdelongevidade.com.br\/blog\/wp-json\/wp\/v2\/tags?post=412"}],"curies":[{"name":"wp","href":"https:\/\/api.w.org\/{rel}","templated":true}]}}