{"id":409,"date":"2026-04-02T13:24:36","date_gmt":"2026-04-02T16:24:36","guid":{"rendered":"https:\/\/www.vamosdelongevidade.com.br\/blog\/?p=409"},"modified":"2026-04-02T13:24:59","modified_gmt":"2026-04-02T16:24:59","slug":"tudo-sobre-respiracao","status":"publish","type":"post","link":"https:\/\/www.vamosdelongevidade.com.br\/blog\/tudo-sobre-respiracao\/","title":{"rendered":"Saiba tudo sobre respira\u00e7\u00e3o no corpo f\u00edsico e como isso acessa seus outros corpos"},"content":{"rendered":"\n<p>Voc\u00ea j\u00e1 parou para pensar que a respira\u00e7\u00e3o \u00e9 a \u00fanica fun\u00e7\u00e3o do seu corpo que \u00e9, ao mesmo tempo, autom\u00e1tica e volunt\u00e1ria? Isso a torna o <strong>controle remoto<\/strong> do seu sistema nervoso. No post de hoje, vamos mergulhar na ci\u00eancia por tr\u00e1s do ar que entra nos seus pulm\u00f5es e como essa mec\u00e2nica biol\u00f3gica \u00e9 a chave para destravar o equil\u00edbrio dos seus corpos emocional e mental.<\/p>\n\n\n\n<h2 class=\"wp-block-heading\">A engenharia da vida: por que respirar corretamente?<\/h2>\n\n\n\n<p>A maioria de n\u00f3s vive no que chamamos de &#8220;modo de sobreviv\u00eancia&#8221;. Respiramos de forma curta e r\u00e1pida, usando apenas a parte superior do peito. Para o seu c\u00e9rebro, isso \u00e9 um sinal de perigo constante. Quando voc\u00ea muda o ritmo da sua respira\u00e7\u00e3o, voc\u00ea n\u00e3o est\u00e1 apenas relaxando; voc\u00ea est\u00e1 alterando a <strong>qu\u00edmica do seu sangue<\/strong> e a eletricidade do seu sistema nervoso.<\/p>\n\n\n\n<h2 class=\"wp-block-heading\">Os 5 pilares da ci\u00eancia respirat\u00f3ria (fisiologia aplicada)<\/h2>\n\n\n\n<ul class=\"wp-block-list\">\n<li><strong>O sistema nervoso aut\u00f4nomo:<\/strong> A respira\u00e7\u00e3o profunda ativa o modo <strong>Parassimp\u00e1tico<\/strong> (descansar e digerir), cortando a produ\u00e7\u00e3o de cortisol e adrenalina.<\/li>\n\n\n\n<li><strong>O estimulador do nervo vago:<\/strong> O diafragma, ao se mover corretamente, massageia o <strong>Nervo Vago<\/strong>, que envia uma mensagem instant\u00e2nea de calma para o cora\u00e7\u00e3o e o c\u00e9rebro.<\/li>\n\n\n\n<li><strong>A qu\u00edmica do $CO_2$ (Efeito Bohr):<\/strong> Manter n\u00edveis adequados de di\u00f3xido de carbono no sangue (atrav\u00e9s de pausas na respira\u00e7\u00e3o) \u00e9 o que permite que o oxig\u00eanio saia do sangue e entre nas suas c\u00e9lulas. Sem $CO_2$, suas c\u00e9lulas &#8220;passam fome&#8221; de oxig\u00eanio.<\/li>\n\n\n\n<li><strong>Longevidade celular:<\/strong> Respirar menos vezes por minuto reduz o estresse oxidativo e preserva a <strong>Variabilidade da Frequ\u00eancia Card\u00edaca (VFC)<\/strong>, um dos maiores marcadores de vida longa.<\/li>\n\n\n\n<li><strong>Acesso aos outros corpos:<\/strong> Ao estabilizar o corpo f\u00edsico (biologia), voc\u00ea silencia o ru\u00eddo do <strong>corpo emocional<\/strong> (ansiedade) e traz clareza para o <strong>corpo mental<\/strong> (foco).<\/li>\n<\/ul>\n\n\n\n<h2 class=\"wp-block-heading\">FAQ: Perguntas frequentes sobre sistemas e respira\u00e7\u00e3o<\/h2>\n\n\n\n<h3 class=\"wp-block-heading\">Como a respira\u00e7\u00e3o afeta o sistema nervoso?<\/h3>\n\n\n\n<p>Ela atua como um interruptor biol\u00f3gico. Respira\u00e7\u00e3o curta ativa o estresse (Simp\u00e1tico); respira\u00e7\u00e3o longa e lenta ativa a calma e a recupera\u00e7\u00e3o (Parassimp\u00e1tico).<\/p>\n\n\n\n<h3 class=\"wp-block-heading\">Qual a diferen\u00e7a entre a respira\u00e7\u00e3o tor\u00e1cica e a diafragm\u00e1tica?<\/h3>\n\n\n\n<p>A tor\u00e1cica \u00e9 ineficiente e gera ansiedade. A <strong>respira\u00e7\u00e3o diafragm\u00e1tica<\/strong> (pela barriga) oxigena o corpo de verdade, melhora a postura e reduz a press\u00e3o arterial.<\/p>\n\n\n\n<h3 class=\"wp-block-heading\">O que \u00e9 a t\u00e9cnica do quadrado e por que ela funciona?<\/h3>\n\n\n\n<p>\u00c9 uma t\u00e9cnica de <strong>biohacking<\/strong> onde voc\u00ea inspira, ret\u00e9m, expira e mant\u00e9m o pulm\u00e3o vazio em tempos iguais. Ela reseta os sensores de estresse do c\u00e9rebro e melhora o foco imediato.<\/p>\n\n\n\n<h3 class=\"wp-block-heading\">Por que segurar a respira\u00e7\u00e3o \u00e9 ben\u00e9fico?<\/h3>\n\n\n\n<p>As pausas (reten\u00e7\u00f5es) ajudam a equilibrar a acidez do sangue e aumentam a sua toler\u00e2ncia ao g\u00e1s carb\u00f4nico, o que melhora a sua resist\u00eancia f\u00edsica e mental.<\/p>\n\n\n\n<h3 class=\"wp-block-heading\">Posso realmente mudar minhas emo\u00e7\u00f5es respirando?<\/h3>\n\n\n\n<p>Sim. \u00c9 imposs\u00edvel o corpo estar em estado de p\u00e2nico se a respira\u00e7\u00e3o estiver lenta e profunda. <strong>A fisiologia comanda a emo\u00e7\u00e3o.<\/strong><\/p>\n","protected":false},"excerpt":{"rendered":"<p>Voc\u00ea j\u00e1 parou para pensar que a respira\u00e7\u00e3o \u00e9 a \u00fanica fun\u00e7\u00e3o do seu corpo que \u00e9, ao mesmo tempo, autom\u00e1tica e volunt\u00e1ria? Isso a torna o controle remoto do seu sistema nervoso. No post de hoje, vamos mergulhar na ci\u00eancia por tr\u00e1s do ar que entra nos seus pulm\u00f5es e como essa mec\u00e2nica biol\u00f3gica [&hellip;]<\/p>\n","protected":false},"author":2,"featured_media":410,"comment_status":"open","ping_status":"open","sticky":false,"template":"","format":"standard","meta":{"destaque":"","footnotes":""},"categories":[65],"tags":[],"class_list":["post-409","post","type-post","status-publish","format-standard","has-post-thumbnail","hentry","category-respiracao"],"yoast_head":"<!-- This site is optimized with the Yoast SEO plugin v27.3 - https:\/\/yoast.com\/product\/yoast-seo-wordpress\/ -->\n<title>Saiba tudo sobre respira\u00e7\u00e3o no corpo f\u00edsico e como isso acessa seus outros corpos - Blog Vamos de Longevidade<\/title>\n<meta name=\"robots\" content=\"index, follow, max-snippet:-1, max-image-preview:large, max-video-preview:-1\" \/>\n<link rel=\"canonical\" href=\"https:\/\/www.vamosdelongevidade.com.br\/blog\/tudo-sobre-respiracao\/\" \/>\n<meta property=\"og:locale\" content=\"pt_BR\" \/>\n<meta property=\"og:type\" content=\"article\" \/>\n<meta property=\"og:title\" content=\"Saiba tudo sobre respira\u00e7\u00e3o no corpo f\u00edsico e como isso acessa seus outros corpos - Blog Vamos de Longevidade\" \/>\n<meta property=\"og:description\" content=\"Voc\u00ea j\u00e1 parou para pensar que a respira\u00e7\u00e3o \u00e9 a \u00fanica fun\u00e7\u00e3o do seu corpo que \u00e9, ao mesmo tempo, autom\u00e1tica e volunt\u00e1ria? Isso a torna o controle remoto do seu sistema nervoso. No post de hoje, vamos mergulhar na ci\u00eancia por tr\u00e1s do ar que entra nos seus pulm\u00f5es e como essa mec\u00e2nica biol\u00f3gica [&hellip;]\" \/>\n<meta property=\"og:url\" content=\"https:\/\/www.vamosdelongevidade.com.br\/blog\/tudo-sobre-respiracao\/\" \/>\n<meta property=\"og:site_name\" content=\"Blog Vamos de Longevidade\" \/>\n<meta property=\"article:publisher\" content=\"https:\/\/www.facebook.com\/vamosdelongevidade\" \/>\n<meta property=\"article:published_time\" content=\"2026-04-02T16:24:36+00:00\" \/>\n<meta property=\"article:modified_time\" content=\"2026-04-02T16:24:59+00:00\" \/>\n<meta property=\"og:image\" content=\"https:\/\/www.vamosdelongevidade.com.br\/blog\/wp-content\/uploads\/2026\/04\/tudo-sobre-respiracao.jpg\" \/>\n\t<meta property=\"og:image:width\" content=\"1075\" \/>\n\t<meta property=\"og:image:height\" content=\"740\" \/>\n\t<meta property=\"og:image:type\" content=\"image\/jpeg\" \/>\n<meta name=\"author\" content=\"Priscila Diana\" \/>\n<meta name=\"twitter:card\" content=\"summary_large_image\" \/>\n<meta name=\"twitter:creator\" content=\"@VDLongevidade\" \/>\n<meta name=\"twitter:site\" content=\"@VDLongevidade\" \/>\n<meta name=\"twitter:label1\" content=\"Escrito por\" \/>\n\t<meta name=\"twitter:data1\" content=\"Priscila Diana\" \/>\n\t<meta name=\"twitter:label2\" content=\"Est. tempo de leitura\" \/>\n\t<meta name=\"twitter:data2\" content=\"3 minutos\" \/>\n<script type=\"application\/ld+json\" class=\"yoast-schema-graph\">{\"@context\":\"https:\\\/\\\/schema.org\",\"@graph\":[{\"@type\":\"Article\",\"@id\":\"https:\\\/\\\/www.vamosdelongevidade.com.br\\\/blog\\\/tudo-sobre-respiracao\\\/#article\",\"isPartOf\":{\"@id\":\"https:\\\/\\\/www.vamosdelongevidade.com.br\\\/blog\\\/tudo-sobre-respiracao\\\/\"},\"author\":{\"name\":\"Priscila Diana\",\"@id\":\"https:\\\/\\\/www.vamosdelongevidade.com.br\\\/blog\\\/#\\\/schema\\\/person\\\/e363044733616a3342ddb2ff2f367db4\"},\"headline\":\"Saiba tudo sobre respira\u00e7\u00e3o no corpo f\u00edsico e como isso acessa seus outros corpos\",\"datePublished\":\"2026-04-02T16:24:36+00:00\",\"dateModified\":\"2026-04-02T16:24:59+00:00\",\"mainEntityOfPage\":{\"@id\":\"https:\\\/\\\/www.vamosdelongevidade.com.br\\\/blog\\\/tudo-sobre-respiracao\\\/\"},\"wordCount\":548,\"commentCount\":0,\"publisher\":{\"@id\":\"https:\\\/\\\/www.vamosdelongevidade.com.br\\\/blog\\\/#organization\"},\"image\":{\"@id\":\"https:\\\/\\\/www.vamosdelongevidade.com.br\\\/blog\\\/tudo-sobre-respiracao\\\/#primaryimage\"},\"thumbnailUrl\":\"https:\\\/\\\/www.vamosdelongevidade.com.br\\\/blog\\\/wp-content\\\/uploads\\\/2026\\\/04\\\/tudo-sobre-respiracao.jpg\",\"articleSection\":[\"Respira\u00e7\u00e3o\"],\"inLanguage\":\"pt-BR\",\"potentialAction\":[{\"@type\":\"CommentAction\",\"name\":\"Comment\",\"target\":[\"https:\\\/\\\/www.vamosdelongevidade.com.br\\\/blog\\\/tudo-sobre-respiracao\\\/#respond\"]}]},{\"@type\":\"WebPage\",\"@id\":\"https:\\\/\\\/www.vamosdelongevidade.com.br\\\/blog\\\/tudo-sobre-respiracao\\\/\",\"url\":\"https:\\\/\\\/www.vamosdelongevidade.com.br\\\/blog\\\/tudo-sobre-respiracao\\\/\",\"name\":\"Saiba tudo sobre respira\u00e7\u00e3o no corpo f\u00edsico e como isso acessa seus outros corpos - Blog Vamos de Longevidade\",\"isPartOf\":{\"@id\":\"https:\\\/\\\/www.vamosdelongevidade.com.br\\\/blog\\\/#website\"},\"primaryImageOfPage\":{\"@id\":\"https:\\\/\\\/www.vamosdelongevidade.com.br\\\/blog\\\/tudo-sobre-respiracao\\\/#primaryimage\"},\"image\":{\"@id\":\"https:\\\/\\\/www.vamosdelongevidade.com.br\\\/blog\\\/tudo-sobre-respiracao\\\/#primaryimage\"},\"thumbnailUrl\":\"https:\\\/\\\/www.vamosdelongevidade.com.br\\\/blog\\\/wp-content\\\/uploads\\\/2026\\\/04\\\/tudo-sobre-respiracao.jpg\",\"datePublished\":\"2026-04-02T16:24:36+00:00\",\"dateModified\":\"2026-04-02T16:24:59+00:00\",\"breadcrumb\":{\"@id\":\"https:\\\/\\\/www.vamosdelongevidade.com.br\\\/blog\\\/tudo-sobre-respiracao\\\/#breadcrumb\"},\"inLanguage\":\"pt-BR\",\"potentialAction\":[{\"@type\":\"ReadAction\",\"target\":[\"https:\\\/\\\/www.vamosdelongevidade.com.br\\\/blog\\\/tudo-sobre-respiracao\\\/\"]}]},{\"@type\":\"ImageObject\",\"inLanguage\":\"pt-BR\",\"@id\":\"https:\\\/\\\/www.vamosdelongevidade.com.br\\\/blog\\\/tudo-sobre-respiracao\\\/#primaryimage\",\"url\":\"https:\\\/\\\/www.vamosdelongevidade.com.br\\\/blog\\\/wp-content\\\/uploads\\\/2026\\\/04\\\/tudo-sobre-respiracao.jpg\",\"contentUrl\":\"https:\\\/\\\/www.vamosdelongevidade.com.br\\\/blog\\\/wp-content\\\/uploads\\\/2026\\\/04\\\/tudo-sobre-respiracao.jpg\",\"width\":1075,\"height\":740,\"caption\":\"Saiba tudo sobre respira\u00e7\u00e3o no corpo f\u00edsico e como isso acessa seus outros corpos\"},{\"@type\":\"BreadcrumbList\",\"@id\":\"https:\\\/\\\/www.vamosdelongevidade.com.br\\\/blog\\\/tudo-sobre-respiracao\\\/#breadcrumb\",\"itemListElement\":[{\"@type\":\"ListItem\",\"position\":1,\"name\":\"In\u00edcio\",\"item\":\"https:\\\/\\\/www.vamosdelongevidade.com.br\\\/blog\\\/\"},{\"@type\":\"ListItem\",\"position\":2,\"name\":\"Saiba tudo sobre respira\u00e7\u00e3o no corpo f\u00edsico e como isso acessa seus outros corpos\"}]},{\"@type\":\"WebSite\",\"@id\":\"https:\\\/\\\/www.vamosdelongevidade.com.br\\\/blog\\\/#website\",\"url\":\"https:\\\/\\\/www.vamosdelongevidade.com.br\\\/blog\\\/\",\"name\":\"Blog Vamos de Longevidade\",\"description\":\"Decida agora, comece hoje\",\"publisher\":{\"@id\":\"https:\\\/\\\/www.vamosdelongevidade.com.br\\\/blog\\\/#organization\"},\"potentialAction\":[{\"@type\":\"SearchAction\",\"target\":{\"@type\":\"EntryPoint\",\"urlTemplate\":\"https:\\\/\\\/www.vamosdelongevidade.com.br\\\/blog\\\/?s={search_term_string}\"},\"query-input\":{\"@type\":\"PropertyValueSpecification\",\"valueRequired\":true,\"valueName\":\"search_term_string\"}}],\"inLanguage\":\"pt-BR\"},{\"@type\":\"Organization\",\"@id\":\"https:\\\/\\\/www.vamosdelongevidade.com.br\\\/blog\\\/#organization\",\"name\":\"Blog Vamos de Longevidade\",\"url\":\"https:\\\/\\\/www.vamosdelongevidade.com.br\\\/blog\\\/\",\"logo\":{\"@type\":\"ImageObject\",\"inLanguage\":\"pt-BR\",\"@id\":\"https:\\\/\\\/www.vamosdelongevidade.com.br\\\/blog\\\/#\\\/schema\\\/logo\\\/image\\\/\",\"url\":\"https:\\\/\\\/www.vamosdelongevidade.com.br\\\/blog\\\/wp-content\\\/uploads\\\/2026\\\/02\\\/logo-vdl.png\",\"contentUrl\":\"https:\\\/\\\/www.vamosdelongevidade.com.br\\\/blog\\\/wp-content\\\/uploads\\\/2026\\\/02\\\/logo-vdl.png\",\"width\":768,\"height\":298,\"caption\":\"Blog Vamos de Longevidade\"},\"image\":{\"@id\":\"https:\\\/\\\/www.vamosdelongevidade.com.br\\\/blog\\\/#\\\/schema\\\/logo\\\/image\\\/\"},\"sameAs\":[\"https:\\\/\\\/www.facebook.com\\\/vamosdelongevidade\",\"https:\\\/\\\/x.com\\\/VDLongevidade\",\"https:\\\/\\\/www.instagram.com\\\/vamosdelongevidade\",\"https:\\\/\\\/www.youtube.com\\\/@vamosdelongevidade\",\"https:\\\/\\\/www.tiktok.com\\\/@vamosdelongevidade\",\"https:\\\/\\\/br.pinterest.com\\\/vamosdelongevidade\"]},{\"@type\":\"Person\",\"@id\":\"https:\\\/\\\/www.vamosdelongevidade.com.br\\\/blog\\\/#\\\/schema\\\/person\\\/e363044733616a3342ddb2ff2f367db4\",\"name\":\"Priscila Diana\",\"image\":{\"@type\":\"ImageObject\",\"inLanguage\":\"pt-BR\",\"@id\":\"https:\\\/\\\/www.vamosdelongevidade.com.br\\\/blog\\\/wp-content\\\/uploads\\\/2026\\\/04\\\/priscila-diana.jpg\",\"url\":\"https:\\\/\\\/www.vamosdelongevidade.com.br\\\/blog\\\/wp-content\\\/uploads\\\/2026\\\/04\\\/priscila-diana.jpg\",\"contentUrl\":\"https:\\\/\\\/www.vamosdelongevidade.com.br\\\/blog\\\/wp-content\\\/uploads\\\/2026\\\/04\\\/priscila-diana.jpg\",\"caption\":\"Priscila Diana\"},\"description\":\"Formada em Recursos Humanos, com dois anos de atua\u00e7\u00e3o na \u00e1rea. Desde 2019, facilita processos terap\u00eauticos como Naturopata Hol\u00edstica, consolidando uma bagagem cl\u00ednica que une viv\u00eancia pr\u00e1tica a um m\u00e9todo educativo. P\u00f3s-graduanda em Psican\u00e1lise, Constela\u00e7\u00e3o Familiar e Terapias Naturais, \u00e9 Mestra Reiki e idealizadora do VDL. Sua miss\u00e3o \u00e9 tornar acess\u00edveis informa\u00e7\u00f5es e h\u00e1bitos di\u00e1rios que promovem longevidade e presen\u00e7a de forma hol\u00edstica.\",\"url\":\"https:\\\/\\\/www.vamosdelongevidade.com.br\\\/blog\\\/author\\\/prisciladiana\\\/\"}]}<\/script>\n<!-- \/ Yoast SEO plugin. -->","yoast_head_json":{"title":"Saiba tudo sobre respira\u00e7\u00e3o no corpo f\u00edsico e como isso acessa seus outros corpos - Blog Vamos de Longevidade","robots":{"index":"index","follow":"follow","max-snippet":"max-snippet:-1","max-image-preview":"max-image-preview:large","max-video-preview":"max-video-preview:-1"},"canonical":"https:\/\/www.vamosdelongevidade.com.br\/blog\/tudo-sobre-respiracao\/","og_locale":"pt_BR","og_type":"article","og_title":"Saiba tudo sobre respira\u00e7\u00e3o no corpo f\u00edsico e como isso acessa seus outros corpos - Blog Vamos de Longevidade","og_description":"Voc\u00ea j\u00e1 parou para pensar que a respira\u00e7\u00e3o \u00e9 a \u00fanica fun\u00e7\u00e3o do seu corpo que \u00e9, ao mesmo tempo, autom\u00e1tica e volunt\u00e1ria? Isso a torna o controle remoto do seu sistema nervoso. No post de hoje, vamos mergulhar na ci\u00eancia por tr\u00e1s do ar que entra nos seus pulm\u00f5es e como essa mec\u00e2nica biol\u00f3gica [&hellip;]","og_url":"https:\/\/www.vamosdelongevidade.com.br\/blog\/tudo-sobre-respiracao\/","og_site_name":"Blog Vamos de Longevidade","article_publisher":"https:\/\/www.facebook.com\/vamosdelongevidade","article_published_time":"2026-04-02T16:24:36+00:00","article_modified_time":"2026-04-02T16:24:59+00:00","og_image":[{"width":1075,"height":740,"url":"https:\/\/www.vamosdelongevidade.com.br\/blog\/wp-content\/uploads\/2026\/04\/tudo-sobre-respiracao.jpg","type":"image\/jpeg"}],"author":"Priscila Diana","twitter_card":"summary_large_image","twitter_creator":"@VDLongevidade","twitter_site":"@VDLongevidade","twitter_misc":{"Escrito por":"Priscila Diana","Est. tempo de leitura":"3 minutos"},"schema":{"@context":"https:\/\/schema.org","@graph":[{"@type":"Article","@id":"https:\/\/www.vamosdelongevidade.com.br\/blog\/tudo-sobre-respiracao\/#article","isPartOf":{"@id":"https:\/\/www.vamosdelongevidade.com.br\/blog\/tudo-sobre-respiracao\/"},"author":{"name":"Priscila Diana","@id":"https:\/\/www.vamosdelongevidade.com.br\/blog\/#\/schema\/person\/e363044733616a3342ddb2ff2f367db4"},"headline":"Saiba tudo sobre respira\u00e7\u00e3o no corpo f\u00edsico e como isso acessa seus outros corpos","datePublished":"2026-04-02T16:24:36+00:00","dateModified":"2026-04-02T16:24:59+00:00","mainEntityOfPage":{"@id":"https:\/\/www.vamosdelongevidade.com.br\/blog\/tudo-sobre-respiracao\/"},"wordCount":548,"commentCount":0,"publisher":{"@id":"https:\/\/www.vamosdelongevidade.com.br\/blog\/#organization"},"image":{"@id":"https:\/\/www.vamosdelongevidade.com.br\/blog\/tudo-sobre-respiracao\/#primaryimage"},"thumbnailUrl":"https:\/\/www.vamosdelongevidade.com.br\/blog\/wp-content\/uploads\/2026\/04\/tudo-sobre-respiracao.jpg","articleSection":["Respira\u00e7\u00e3o"],"inLanguage":"pt-BR","potentialAction":[{"@type":"CommentAction","name":"Comment","target":["https:\/\/www.vamosdelongevidade.com.br\/blog\/tudo-sobre-respiracao\/#respond"]}]},{"@type":"WebPage","@id":"https:\/\/www.vamosdelongevidade.com.br\/blog\/tudo-sobre-respiracao\/","url":"https:\/\/www.vamosdelongevidade.com.br\/blog\/tudo-sobre-respiracao\/","name":"Saiba tudo sobre respira\u00e7\u00e3o no corpo f\u00edsico e como isso acessa seus outros corpos - Blog Vamos de Longevidade","isPartOf":{"@id":"https:\/\/www.vamosdelongevidade.com.br\/blog\/#website"},"primaryImageOfPage":{"@id":"https:\/\/www.vamosdelongevidade.com.br\/blog\/tudo-sobre-respiracao\/#primaryimage"},"image":{"@id":"https:\/\/www.vamosdelongevidade.com.br\/blog\/tudo-sobre-respiracao\/#primaryimage"},"thumbnailUrl":"https:\/\/www.vamosdelongevidade.com.br\/blog\/wp-content\/uploads\/2026\/04\/tudo-sobre-respiracao.jpg","datePublished":"2026-04-02T16:24:36+00:00","dateModified":"2026-04-02T16:24:59+00:00","breadcrumb":{"@id":"https:\/\/www.vamosdelongevidade.com.br\/blog\/tudo-sobre-respiracao\/#breadcrumb"},"inLanguage":"pt-BR","potentialAction":[{"@type":"ReadAction","target":["https:\/\/www.vamosdelongevidade.com.br\/blog\/tudo-sobre-respiracao\/"]}]},{"@type":"ImageObject","inLanguage":"pt-BR","@id":"https:\/\/www.vamosdelongevidade.com.br\/blog\/tudo-sobre-respiracao\/#primaryimage","url":"https:\/\/www.vamosdelongevidade.com.br\/blog\/wp-content\/uploads\/2026\/04\/tudo-sobre-respiracao.jpg","contentUrl":"https:\/\/www.vamosdelongevidade.com.br\/blog\/wp-content\/uploads\/2026\/04\/tudo-sobre-respiracao.jpg","width":1075,"height":740,"caption":"Saiba tudo sobre respira\u00e7\u00e3o no corpo f\u00edsico e como isso acessa seus outros corpos"},{"@type":"BreadcrumbList","@id":"https:\/\/www.vamosdelongevidade.com.br\/blog\/tudo-sobre-respiracao\/#breadcrumb","itemListElement":[{"@type":"ListItem","position":1,"name":"In\u00edcio","item":"https:\/\/www.vamosdelongevidade.com.br\/blog\/"},{"@type":"ListItem","position":2,"name":"Saiba tudo sobre respira\u00e7\u00e3o no corpo f\u00edsico e como isso acessa seus outros corpos"}]},{"@type":"WebSite","@id":"https:\/\/www.vamosdelongevidade.com.br\/blog\/#website","url":"https:\/\/www.vamosdelongevidade.com.br\/blog\/","name":"Blog Vamos de Longevidade","description":"Decida agora, comece hoje","publisher":{"@id":"https:\/\/www.vamosdelongevidade.com.br\/blog\/#organization"},"potentialAction":[{"@type":"SearchAction","target":{"@type":"EntryPoint","urlTemplate":"https:\/\/www.vamosdelongevidade.com.br\/blog\/?s={search_term_string}"},"query-input":{"@type":"PropertyValueSpecification","valueRequired":true,"valueName":"search_term_string"}}],"inLanguage":"pt-BR"},{"@type":"Organization","@id":"https:\/\/www.vamosdelongevidade.com.br\/blog\/#organization","name":"Blog Vamos de Longevidade","url":"https:\/\/www.vamosdelongevidade.com.br\/blog\/","logo":{"@type":"ImageObject","inLanguage":"pt-BR","@id":"https:\/\/www.vamosdelongevidade.com.br\/blog\/#\/schema\/logo\/image\/","url":"https:\/\/www.vamosdelongevidade.com.br\/blog\/wp-content\/uploads\/2026\/02\/logo-vdl.png","contentUrl":"https:\/\/www.vamosdelongevidade.com.br\/blog\/wp-content\/uploads\/2026\/02\/logo-vdl.png","width":768,"height":298,"caption":"Blog Vamos de Longevidade"},"image":{"@id":"https:\/\/www.vamosdelongevidade.com.br\/blog\/#\/schema\/logo\/image\/"},"sameAs":["https:\/\/www.facebook.com\/vamosdelongevidade","https:\/\/x.com\/VDLongevidade","https:\/\/www.instagram.com\/vamosdelongevidade","https:\/\/www.youtube.com\/@vamosdelongevidade","https:\/\/www.tiktok.com\/@vamosdelongevidade","https:\/\/br.pinterest.com\/vamosdelongevidade"]},{"@type":"Person","@id":"https:\/\/www.vamosdelongevidade.com.br\/blog\/#\/schema\/person\/e363044733616a3342ddb2ff2f367db4","name":"Priscila Diana","image":{"@type":"ImageObject","inLanguage":"pt-BR","@id":"https:\/\/www.vamosdelongevidade.com.br\/blog\/wp-content\/uploads\/2026\/04\/priscila-diana.jpg","url":"https:\/\/www.vamosdelongevidade.com.br\/blog\/wp-content\/uploads\/2026\/04\/priscila-diana.jpg","contentUrl":"https:\/\/www.vamosdelongevidade.com.br\/blog\/wp-content\/uploads\/2026\/04\/priscila-diana.jpg","caption":"Priscila Diana"},"description":"Formada em Recursos Humanos, com dois anos de atua\u00e7\u00e3o na \u00e1rea. Desde 2019, facilita processos terap\u00eauticos como Naturopata Hol\u00edstica, consolidando uma bagagem cl\u00ednica que une viv\u00eancia pr\u00e1tica a um m\u00e9todo educativo. P\u00f3s-graduanda em Psican\u00e1lise, Constela\u00e7\u00e3o Familiar e Terapias Naturais, \u00e9 Mestra Reiki e idealizadora do VDL. Sua miss\u00e3o \u00e9 tornar acess\u00edveis informa\u00e7\u00f5es e h\u00e1bitos di\u00e1rios que promovem longevidade e presen\u00e7a de forma hol\u00edstica.","url":"https:\/\/www.vamosdelongevidade.com.br\/blog\/author\/prisciladiana\/"}]}},"_links":{"self":[{"href":"https:\/\/www.vamosdelongevidade.com.br\/blog\/wp-json\/wp\/v2\/posts\/409","targetHints":{"allow":["GET"]}}],"collection":[{"href":"https:\/\/www.vamosdelongevidade.com.br\/blog\/wp-json\/wp\/v2\/posts"}],"about":[{"href":"https:\/\/www.vamosdelongevidade.com.br\/blog\/wp-json\/wp\/v2\/types\/post"}],"author":[{"embeddable":true,"href":"https:\/\/www.vamosdelongevidade.com.br\/blog\/wp-json\/wp\/v2\/users\/2"}],"replies":[{"embeddable":true,"href":"https:\/\/www.vamosdelongevidade.com.br\/blog\/wp-json\/wp\/v2\/comments?post=409"}],"version-history":[{"count":1,"href":"https:\/\/www.vamosdelongevidade.com.br\/blog\/wp-json\/wp\/v2\/posts\/409\/revisions"}],"predecessor-version":[{"id":411,"href":"https:\/\/www.vamosdelongevidade.com.br\/blog\/wp-json\/wp\/v2\/posts\/409\/revisions\/411"}],"wp:featuredmedia":[{"embeddable":true,"href":"https:\/\/www.vamosdelongevidade.com.br\/blog\/wp-json\/wp\/v2\/media\/410"}],"wp:attachment":[{"href":"https:\/\/www.vamosdelongevidade.com.br\/blog\/wp-json\/wp\/v2\/media?parent=409"}],"wp:term":[{"taxonomy":"category","embeddable":true,"href":"https:\/\/www.vamosdelongevidade.com.br\/blog\/wp-json\/wp\/v2\/categories?post=409"},{"taxonomy":"post_tag","embeddable":true,"href":"https:\/\/www.vamosdelongevidade.com.br\/blog\/wp-json\/wp\/v2\/tags?post=409"}],"curies":[{"name":"wp","href":"https:\/\/api.w.org\/{rel}","templated":true}]}}