{"id":405,"date":"2026-04-02T13:12:35","date_gmt":"2026-04-02T16:12:35","guid":{"rendered":"https:\/\/www.vamosdelongevidade.com.br\/blog\/?p=405"},"modified":"2026-04-02T13:14:25","modified_gmt":"2026-04-02T16:14:25","slug":"ciencia-da-respiracao","status":"publish","type":"post","link":"https:\/\/www.vamosdelongevidade.com.br\/blog\/ciencia-da-respiracao\/","title":{"rendered":"A ci\u00eancia da respira\u00e7\u00e3o: como o pranayama transforma sua longevidade"},"content":{"rendered":"\n<p>No ecossistema do <strong>Vamos de Longevidade<\/strong>, acreditamos que a verdadeira sa\u00fade \u00e9 integral. Voc\u00ea j\u00e1 parou para pensar que a respira\u00e7\u00e3o \u00e9 a \u00fanica fun\u00e7\u00e3o do sistema nervoso aut\u00f4nomo que podemos controlar conscientemente? A longevidade n\u00e3o depende apenas do que comemos ou de como nos exercitamos, mas fundamentalmente de como gerenciamos o nosso estado interno.<\/p>\n\n\n\n<h2 class=\"wp-block-heading\">O que \u00e9 o Pranayama? Uma defini\u00e7\u00e3o completa<\/h2>\n\n\n\n<p>O termo <strong>Pranayama<\/strong> tem origem no s\u00e2nscrito, onde &#8220;Prana&#8221; significa <strong>energia vital<\/strong> e &#8220;Ayama&#8221; significa extens\u00e3o ou controle. Portanto, o Pranayama \u00e9 a arte de controlar e expandir a energia vital atrav\u00e9s de t\u00e9cnicas espec\u00edficas de respira\u00e7\u00e3o.<\/p>\n\n\n\n<p>Hoje o Pranayama \u00e9 reconhecido pela ci\u00eancia moderna como uma das ferramentas mais eficazes da <strong>medicina integrativa<\/strong> para promover o <strong>equil\u00edbrio biol\u00f3gico<\/strong> e a regenera\u00e7\u00e3o celular. N\u00e3o se trata apenas de &#8220;puxar o ar&#8221;, mas de usar a respira\u00e7\u00e3o como uma chave para acessar sa\u00fade e consci\u00eancia.<\/p>\n\n\n\n<h2 class=\"wp-block-heading\">A ci\u00eancia por tr\u00e1s do sopro: o que acontece no seu corpo?<\/h2>\n\n\n\n<p>Do ponto de vista fisiol\u00f3gico, a respira\u00e7\u00e3o consciente atua como um &#8220;controle remoto&#8221; para o seu c\u00e9rebro. Quando praticamos o <strong>Pranayama<\/strong>, ativamos o <strong>Nervo Vago<\/strong>, o principal componente do nosso <strong>Sistema Nervoso Parassimp\u00e1tico<\/strong> (respons\u00e1vel pelo descanso e recupera\u00e7\u00e3o).<\/p>\n\n\n\n<ul class=\"wp-block-list\">\n<li><strong>Resposta de relaxamento:<\/strong> Ao prolongar a expira\u00e7\u00e3o, enviamos sinais para reduzir a frequ\u00eancia card\u00edaca e a press\u00e3o arterial.<\/li>\n\n\n\n<li><strong>Bioqu\u00edmica do sangue:<\/strong> A respira\u00e7\u00e3o controlada ajuda a equilibrar os n\u00edveis de di\u00f3xido de carbono no sangue, otimizando a libera\u00e7\u00e3o de oxig\u00eanio para os \u00f3rg\u00e3os vitais.<\/li>\n\n\n\n<li><strong>Neuroplasticidade:<\/strong> Estudos indicam que a pr\u00e1tica regular de respira\u00e7\u00e3o consciente pode aumentar a densidade de massa cinzenta ligada \u00e0 regula\u00e7\u00e3o emocional.<\/li>\n<\/ul>\n\n\n\n<h2 class=\"wp-block-heading\">Por que o Pranayama \u00e9 essencial para a longevidade?<\/h2>\n\n\n\n<p>Ao controlar a respira\u00e7\u00e3o, voc\u00ea reduz a produ\u00e7\u00e3o de <strong>cortisol<\/strong> (o horm\u00f4nio do estresse). O cortisol alto de forma cr\u00f4nica est\u00e1 ligado ao envelhecimento precoce das c\u00e9lulas. Portanto, respirar bem \u00e9, literalmente, retardar o envelhecimento.<\/p>\n\n\n\n<h3 class=\"wp-block-heading\">Benef\u00edcios pr\u00e1ticos para sua rotina de longevidade<\/h3>\n\n\n\n<ul class=\"wp-block-list\">\n<li><strong>Redu\u00e7\u00e3o da inflama\u00e7\u00e3o:<\/strong> Auxilia nos processos regenerativos das c\u00e9lulas.<\/li>\n\n\n\n<li><strong>Foco e presen\u00e7a:<\/strong> Combate a fadiga mental e o famoso <strong>brain fog<\/strong> (nevoeiro mental).<\/li>\n\n\n\n<li><strong>Sa\u00fade cardiovascular:<\/strong> Estabiliza o ritmo card\u00edaco e fortalece o cora\u00e7\u00e3o.<\/li>\n<\/ul>\n\n\n\n<h2 class=\"wp-block-heading\">FAQ: Perguntas frequentes sobre Pranayama e ansiedade<\/h2>\n\n\n\n<p><strong>1. O Pranayama ajuda na ansiedade?<\/strong> Sim! Ele \u00e9 uma das interven\u00e7\u00f5es n\u00e3o farmacol\u00f3gicas mais eficazes. Ao ativar o sistema parassimp\u00e1tico, diminui a taquicardia e promove uma sensa\u00e7\u00e3o imediata de calma.<\/p>\n\n\n\n<p><strong>2. Como o Pranayama ajuda a controlar uma crise de ansiedade rapidamente?<\/strong> Durante uma crise, nossa respira\u00e7\u00e3o se torna curta e r\u00e1pida. As t\u00e9cnicas de Pranayama treinam o corpo para reverter esse processo. Ao focar em expira\u00e7\u00f5es longas, voc\u00ea &#8220;hackeia&#8221; o sistema nervoso para sair do estado de &#8220;luta ou fuga&#8221;.<\/p>\n\n\n\n<p><strong>3. Qualquer pessoa pode praticar Pranayama?<\/strong> Em geral, sim. No entanto, t\u00e9cnicas avan\u00e7adas podem ter contraindica\u00e7\u00f5es. No <strong>aplicativo VDL<\/strong>, focamos em pr\u00e1ticas guiadas e seguras para todos os n\u00edveis, garantindo que voc\u00ea pratique sem riscos.<\/p>\n\n\n\n<p><strong>4. Com que frequ\u00eancia devo praticar?<\/strong> A consist\u00eancia \u00e9 mais importante que a dura\u00e7\u00e3o. Praticar 5 a 10 minutos todos os dias traz mais benef\u00edcios acumulados do que praticar uma hora inteira apenas uma vez por semana.<\/p>\n\n\n\n<p><strong>5. Existe algum efeito colateral?<\/strong> Para a maioria, \u00e9 extremamente seguro. Em casos de ansiedade aguda, deve-se evitar reter o ar por muito tempo sem guia. Por isso, as sess\u00f5es do <strong>App VDL<\/strong> s\u00e3o ideais para garantir o conforto.<\/p>\n\n\n\n<p><strong>6. Qual o melhor hor\u00e1rio para praticar?<\/strong> Pela manh\u00e3 para focar, ou antes de dormir para reduzir o cortisol. Nossas <strong>Pr\u00e1ticas R\u00e1pidas Di\u00e1rias<\/strong> s\u00e3o perfeitas para momentos de tens\u00e3o durante o trabalho.<\/p>\n\n\n\n<h2 class=\"wp-block-heading\">Pratique agora: o equil\u00edbrio no seu bolso<\/h2>\n\n\n\n<p>Para facilitar sua jornada rumo a uma vida longa e calma, o <strong>Vamos de Longevidade<\/strong> criou uma solu\u00e7\u00e3o pr\u00e1tica que acompanha voc\u00ea em qualquer lugar.<\/p>\n\n\n\n<p>Dentro do nosso aplicativo VDL, voc\u00ea encontra uma se\u00e7\u00e3o exclusiva de <strong>Pr\u00e1ticas R\u00e1pidas Di\u00e1rias<\/strong>. S\u00e3o sess\u00f5es guiadas de curta dura\u00e7\u00e3o, desenhadas especificamente para momentos de ansiedade e picos de estresse no dia a dia. S\u00e3o ferramentas simples para voc\u00ea resetar seu sistema nervoso em poucos minutos.<\/p>\n\n\n\n<p><strong>Domine sua respira\u00e7\u00e3o, transforme sua biologia.<\/strong><\/p>\n","protected":false},"excerpt":{"rendered":"<p>No ecossistema do Vamos de Longevidade, acreditamos que a verdadeira sa\u00fade \u00e9 integral. Voc\u00ea j\u00e1 parou para pensar que a respira\u00e7\u00e3o \u00e9 a \u00fanica fun\u00e7\u00e3o do sistema nervoso aut\u00f4nomo que podemos controlar conscientemente? A longevidade n\u00e3o depende apenas do que comemos ou de como nos exercitamos, mas fundamentalmente de como gerenciamos o nosso estado interno. [&hellip;]<\/p>\n","protected":false},"author":2,"featured_media":408,"comment_status":"open","ping_status":"open","sticky":false,"template":"","format":"standard","meta":{"destaque":"","footnotes":""},"categories":[64],"tags":[],"class_list":["post-405","post","type-post","status-publish","format-standard","has-post-thumbnail","hentry","category-pranayama"],"yoast_head":"<!-- This site is optimized with the Yoast SEO plugin v27.3 - https:\/\/yoast.com\/product\/yoast-seo-wordpress\/ -->\n<title>A ci\u00eancia da respira\u00e7\u00e3o: como o pranayama transforma sua longevidade - Blog Vamos de Longevidade<\/title>\n<meta name=\"robots\" content=\"index, follow, max-snippet:-1, max-image-preview:large, max-video-preview:-1\" \/>\n<link rel=\"canonical\" href=\"https:\/\/www.vamosdelongevidade.com.br\/blog\/ciencia-da-respiracao\/\" \/>\n<meta property=\"og:locale\" content=\"pt_BR\" \/>\n<meta property=\"og:type\" content=\"article\" \/>\n<meta property=\"og:title\" content=\"A ci\u00eancia da respira\u00e7\u00e3o: como o pranayama transforma sua longevidade - Blog Vamos de Longevidade\" \/>\n<meta property=\"og:description\" content=\"No ecossistema do Vamos de Longevidade, acreditamos que a verdadeira sa\u00fade \u00e9 integral. Voc\u00ea j\u00e1 parou para pensar que a respira\u00e7\u00e3o \u00e9 a \u00fanica fun\u00e7\u00e3o do sistema nervoso aut\u00f4nomo que podemos controlar conscientemente? A longevidade n\u00e3o depende apenas do que comemos ou de como nos exercitamos, mas fundamentalmente de como gerenciamos o nosso estado interno. [&hellip;]\" \/>\n<meta property=\"og:url\" content=\"https:\/\/www.vamosdelongevidade.com.br\/blog\/ciencia-da-respiracao\/\" \/>\n<meta property=\"og:site_name\" content=\"Blog Vamos de Longevidade\" \/>\n<meta property=\"article:publisher\" content=\"https:\/\/www.facebook.com\/vamosdelongevidade\" \/>\n<meta property=\"article:published_time\" content=\"2026-04-02T16:12:35+00:00\" \/>\n<meta property=\"article:modified_time\" content=\"2026-04-02T16:14:25+00:00\" \/>\n<meta property=\"og:image\" content=\"https:\/\/www.vamosdelongevidade.com.br\/blog\/wp-content\/uploads\/2026\/04\/ciencia-da-respiracao.jpg\" \/>\n\t<meta property=\"og:image:width\" content=\"1075\" \/>\n\t<meta property=\"og:image:height\" content=\"740\" \/>\n\t<meta property=\"og:image:type\" content=\"image\/jpeg\" \/>\n<meta name=\"author\" content=\"Priscila Diana\" \/>\n<meta name=\"twitter:card\" content=\"summary_large_image\" \/>\n<meta name=\"twitter:creator\" content=\"@VDLongevidade\" \/>\n<meta name=\"twitter:site\" content=\"@VDLongevidade\" \/>\n<meta name=\"twitter:label1\" content=\"Escrito por\" \/>\n\t<meta name=\"twitter:data1\" content=\"Priscila Diana\" \/>\n\t<meta name=\"twitter:label2\" content=\"Est. tempo de leitura\" \/>\n\t<meta name=\"twitter:data2\" content=\"4 minutos\" \/>\n<script type=\"application\/ld+json\" class=\"yoast-schema-graph\">{\"@context\":\"https:\\\/\\\/schema.org\",\"@graph\":[{\"@type\":\"Article\",\"@id\":\"https:\\\/\\\/www.vamosdelongevidade.com.br\\\/blog\\\/ciencia-da-respiracao\\\/#article\",\"isPartOf\":{\"@id\":\"https:\\\/\\\/www.vamosdelongevidade.com.br\\\/blog\\\/ciencia-da-respiracao\\\/\"},\"author\":{\"name\":\"Priscila Diana\",\"@id\":\"https:\\\/\\\/www.vamosdelongevidade.com.br\\\/blog\\\/#\\\/schema\\\/person\\\/e363044733616a3342ddb2ff2f367db4\"},\"headline\":\"A ci\u00eancia da respira\u00e7\u00e3o: como o pranayama transforma sua longevidade\",\"datePublished\":\"2026-04-02T16:12:35+00:00\",\"dateModified\":\"2026-04-02T16:14:25+00:00\",\"mainEntityOfPage\":{\"@id\":\"https:\\\/\\\/www.vamosdelongevidade.com.br\\\/blog\\\/ciencia-da-respiracao\\\/\"},\"wordCount\":749,\"commentCount\":0,\"publisher\":{\"@id\":\"https:\\\/\\\/www.vamosdelongevidade.com.br\\\/blog\\\/#organization\"},\"image\":{\"@id\":\"https:\\\/\\\/www.vamosdelongevidade.com.br\\\/blog\\\/ciencia-da-respiracao\\\/#primaryimage\"},\"thumbnailUrl\":\"https:\\\/\\\/www.vamosdelongevidade.com.br\\\/blog\\\/wp-content\\\/uploads\\\/2026\\\/04\\\/ciencia-da-respiracao.jpg\",\"articleSection\":[\"Pranayama\"],\"inLanguage\":\"pt-BR\",\"potentialAction\":[{\"@type\":\"CommentAction\",\"name\":\"Comment\",\"target\":[\"https:\\\/\\\/www.vamosdelongevidade.com.br\\\/blog\\\/ciencia-da-respiracao\\\/#respond\"]}]},{\"@type\":\"WebPage\",\"@id\":\"https:\\\/\\\/www.vamosdelongevidade.com.br\\\/blog\\\/ciencia-da-respiracao\\\/\",\"url\":\"https:\\\/\\\/www.vamosdelongevidade.com.br\\\/blog\\\/ciencia-da-respiracao\\\/\",\"name\":\"A ci\u00eancia da respira\u00e7\u00e3o: como o pranayama transforma sua longevidade - Blog Vamos de Longevidade\",\"isPartOf\":{\"@id\":\"https:\\\/\\\/www.vamosdelongevidade.com.br\\\/blog\\\/#website\"},\"primaryImageOfPage\":{\"@id\":\"https:\\\/\\\/www.vamosdelongevidade.com.br\\\/blog\\\/ciencia-da-respiracao\\\/#primaryimage\"},\"image\":{\"@id\":\"https:\\\/\\\/www.vamosdelongevidade.com.br\\\/blog\\\/ciencia-da-respiracao\\\/#primaryimage\"},\"thumbnailUrl\":\"https:\\\/\\\/www.vamosdelongevidade.com.br\\\/blog\\\/wp-content\\\/uploads\\\/2026\\\/04\\\/ciencia-da-respiracao.jpg\",\"datePublished\":\"2026-04-02T16:12:35+00:00\",\"dateModified\":\"2026-04-02T16:14:25+00:00\",\"breadcrumb\":{\"@id\":\"https:\\\/\\\/www.vamosdelongevidade.com.br\\\/blog\\\/ciencia-da-respiracao\\\/#breadcrumb\"},\"inLanguage\":\"pt-BR\",\"potentialAction\":[{\"@type\":\"ReadAction\",\"target\":[\"https:\\\/\\\/www.vamosdelongevidade.com.br\\\/blog\\\/ciencia-da-respiracao\\\/\"]}]},{\"@type\":\"ImageObject\",\"inLanguage\":\"pt-BR\",\"@id\":\"https:\\\/\\\/www.vamosdelongevidade.com.br\\\/blog\\\/ciencia-da-respiracao\\\/#primaryimage\",\"url\":\"https:\\\/\\\/www.vamosdelongevidade.com.br\\\/blog\\\/wp-content\\\/uploads\\\/2026\\\/04\\\/ciencia-da-respiracao.jpg\",\"contentUrl\":\"https:\\\/\\\/www.vamosdelongevidade.com.br\\\/blog\\\/wp-content\\\/uploads\\\/2026\\\/04\\\/ciencia-da-respiracao.jpg\",\"width\":1075,\"height\":740,\"caption\":\"A ci\u00eancia da respira\u00e7\u00e3o: como o pranayama transforma sua longevidade\"},{\"@type\":\"BreadcrumbList\",\"@id\":\"https:\\\/\\\/www.vamosdelongevidade.com.br\\\/blog\\\/ciencia-da-respiracao\\\/#breadcrumb\",\"itemListElement\":[{\"@type\":\"ListItem\",\"position\":1,\"name\":\"In\u00edcio\",\"item\":\"https:\\\/\\\/www.vamosdelongevidade.com.br\\\/blog\\\/\"},{\"@type\":\"ListItem\",\"position\":2,\"name\":\"A ci\u00eancia da respira\u00e7\u00e3o: como o pranayama transforma sua longevidade\"}]},{\"@type\":\"WebSite\",\"@id\":\"https:\\\/\\\/www.vamosdelongevidade.com.br\\\/blog\\\/#website\",\"url\":\"https:\\\/\\\/www.vamosdelongevidade.com.br\\\/blog\\\/\",\"name\":\"Blog Vamos de Longevidade\",\"description\":\"Decida agora, comece hoje\",\"publisher\":{\"@id\":\"https:\\\/\\\/www.vamosdelongevidade.com.br\\\/blog\\\/#organization\"},\"potentialAction\":[{\"@type\":\"SearchAction\",\"target\":{\"@type\":\"EntryPoint\",\"urlTemplate\":\"https:\\\/\\\/www.vamosdelongevidade.com.br\\\/blog\\\/?s={search_term_string}\"},\"query-input\":{\"@type\":\"PropertyValueSpecification\",\"valueRequired\":true,\"valueName\":\"search_term_string\"}}],\"inLanguage\":\"pt-BR\"},{\"@type\":\"Organization\",\"@id\":\"https:\\\/\\\/www.vamosdelongevidade.com.br\\\/blog\\\/#organization\",\"name\":\"Blog Vamos de Longevidade\",\"url\":\"https:\\\/\\\/www.vamosdelongevidade.com.br\\\/blog\\\/\",\"logo\":{\"@type\":\"ImageObject\",\"inLanguage\":\"pt-BR\",\"@id\":\"https:\\\/\\\/www.vamosdelongevidade.com.br\\\/blog\\\/#\\\/schema\\\/logo\\\/image\\\/\",\"url\":\"https:\\\/\\\/www.vamosdelongevidade.com.br\\\/blog\\\/wp-content\\\/uploads\\\/2026\\\/02\\\/logo-vdl.png\",\"contentUrl\":\"https:\\\/\\\/www.vamosdelongevidade.com.br\\\/blog\\\/wp-content\\\/uploads\\\/2026\\\/02\\\/logo-vdl.png\",\"width\":768,\"height\":298,\"caption\":\"Blog Vamos de Longevidade\"},\"image\":{\"@id\":\"https:\\\/\\\/www.vamosdelongevidade.com.br\\\/blog\\\/#\\\/schema\\\/logo\\\/image\\\/\"},\"sameAs\":[\"https:\\\/\\\/www.facebook.com\\\/vamosdelongevidade\",\"https:\\\/\\\/x.com\\\/VDLongevidade\",\"https:\\\/\\\/www.instagram.com\\\/vamosdelongevidade\",\"https:\\\/\\\/www.youtube.com\\\/@vamosdelongevidade\",\"https:\\\/\\\/www.tiktok.com\\\/@vamosdelongevidade\",\"https:\\\/\\\/br.pinterest.com\\\/vamosdelongevidade\"]},{\"@type\":\"Person\",\"@id\":\"https:\\\/\\\/www.vamosdelongevidade.com.br\\\/blog\\\/#\\\/schema\\\/person\\\/e363044733616a3342ddb2ff2f367db4\",\"name\":\"Priscila Diana\",\"image\":{\"@type\":\"ImageObject\",\"inLanguage\":\"pt-BR\",\"@id\":\"https:\\\/\\\/www.vamosdelongevidade.com.br\\\/blog\\\/wp-content\\\/uploads\\\/2026\\\/04\\\/priscila-diana.jpg\",\"url\":\"https:\\\/\\\/www.vamosdelongevidade.com.br\\\/blog\\\/wp-content\\\/uploads\\\/2026\\\/04\\\/priscila-diana.jpg\",\"contentUrl\":\"https:\\\/\\\/www.vamosdelongevidade.com.br\\\/blog\\\/wp-content\\\/uploads\\\/2026\\\/04\\\/priscila-diana.jpg\",\"caption\":\"Priscila Diana\"},\"description\":\"Formada em Recursos Humanos, com dois anos de atua\u00e7\u00e3o na \u00e1rea. Desde 2019, facilita processos terap\u00eauticos como Naturopata Hol\u00edstica, consolidando uma bagagem cl\u00ednica que une viv\u00eancia pr\u00e1tica a um m\u00e9todo educativo. P\u00f3s-graduanda em Psican\u00e1lise, Constela\u00e7\u00e3o Familiar e Terapias Naturais, \u00e9 Mestra Reiki e idealizadora do VDL. Sua miss\u00e3o \u00e9 tornar acess\u00edveis informa\u00e7\u00f5es e h\u00e1bitos di\u00e1rios que promovem longevidade e presen\u00e7a de forma hol\u00edstica.\",\"url\":\"https:\\\/\\\/www.vamosdelongevidade.com.br\\\/blog\\\/author\\\/prisciladiana\\\/\"}]}<\/script>\n<!-- \/ Yoast SEO plugin. -->","yoast_head_json":{"title":"A ci\u00eancia da respira\u00e7\u00e3o: como o pranayama transforma sua longevidade - Blog Vamos de Longevidade","robots":{"index":"index","follow":"follow","max-snippet":"max-snippet:-1","max-image-preview":"max-image-preview:large","max-video-preview":"max-video-preview:-1"},"canonical":"https:\/\/www.vamosdelongevidade.com.br\/blog\/ciencia-da-respiracao\/","og_locale":"pt_BR","og_type":"article","og_title":"A ci\u00eancia da respira\u00e7\u00e3o: como o pranayama transforma sua longevidade - Blog Vamos de Longevidade","og_description":"No ecossistema do Vamos de Longevidade, acreditamos que a verdadeira sa\u00fade \u00e9 integral. Voc\u00ea j\u00e1 parou para pensar que a respira\u00e7\u00e3o \u00e9 a \u00fanica fun\u00e7\u00e3o do sistema nervoso aut\u00f4nomo que podemos controlar conscientemente? A longevidade n\u00e3o depende apenas do que comemos ou de como nos exercitamos, mas fundamentalmente de como gerenciamos o nosso estado interno. [&hellip;]","og_url":"https:\/\/www.vamosdelongevidade.com.br\/blog\/ciencia-da-respiracao\/","og_site_name":"Blog Vamos de Longevidade","article_publisher":"https:\/\/www.facebook.com\/vamosdelongevidade","article_published_time":"2026-04-02T16:12:35+00:00","article_modified_time":"2026-04-02T16:14:25+00:00","og_image":[{"width":1075,"height":740,"url":"https:\/\/www.vamosdelongevidade.com.br\/blog\/wp-content\/uploads\/2026\/04\/ciencia-da-respiracao.jpg","type":"image\/jpeg"}],"author":"Priscila Diana","twitter_card":"summary_large_image","twitter_creator":"@VDLongevidade","twitter_site":"@VDLongevidade","twitter_misc":{"Escrito por":"Priscila Diana","Est. tempo de leitura":"4 minutos"},"schema":{"@context":"https:\/\/schema.org","@graph":[{"@type":"Article","@id":"https:\/\/www.vamosdelongevidade.com.br\/blog\/ciencia-da-respiracao\/#article","isPartOf":{"@id":"https:\/\/www.vamosdelongevidade.com.br\/blog\/ciencia-da-respiracao\/"},"author":{"name":"Priscila Diana","@id":"https:\/\/www.vamosdelongevidade.com.br\/blog\/#\/schema\/person\/e363044733616a3342ddb2ff2f367db4"},"headline":"A ci\u00eancia da respira\u00e7\u00e3o: como o pranayama transforma sua longevidade","datePublished":"2026-04-02T16:12:35+00:00","dateModified":"2026-04-02T16:14:25+00:00","mainEntityOfPage":{"@id":"https:\/\/www.vamosdelongevidade.com.br\/blog\/ciencia-da-respiracao\/"},"wordCount":749,"commentCount":0,"publisher":{"@id":"https:\/\/www.vamosdelongevidade.com.br\/blog\/#organization"},"image":{"@id":"https:\/\/www.vamosdelongevidade.com.br\/blog\/ciencia-da-respiracao\/#primaryimage"},"thumbnailUrl":"https:\/\/www.vamosdelongevidade.com.br\/blog\/wp-content\/uploads\/2026\/04\/ciencia-da-respiracao.jpg","articleSection":["Pranayama"],"inLanguage":"pt-BR","potentialAction":[{"@type":"CommentAction","name":"Comment","target":["https:\/\/www.vamosdelongevidade.com.br\/blog\/ciencia-da-respiracao\/#respond"]}]},{"@type":"WebPage","@id":"https:\/\/www.vamosdelongevidade.com.br\/blog\/ciencia-da-respiracao\/","url":"https:\/\/www.vamosdelongevidade.com.br\/blog\/ciencia-da-respiracao\/","name":"A ci\u00eancia da respira\u00e7\u00e3o: como o pranayama transforma sua longevidade - Blog Vamos de Longevidade","isPartOf":{"@id":"https:\/\/www.vamosdelongevidade.com.br\/blog\/#website"},"primaryImageOfPage":{"@id":"https:\/\/www.vamosdelongevidade.com.br\/blog\/ciencia-da-respiracao\/#primaryimage"},"image":{"@id":"https:\/\/www.vamosdelongevidade.com.br\/blog\/ciencia-da-respiracao\/#primaryimage"},"thumbnailUrl":"https:\/\/www.vamosdelongevidade.com.br\/blog\/wp-content\/uploads\/2026\/04\/ciencia-da-respiracao.jpg","datePublished":"2026-04-02T16:12:35+00:00","dateModified":"2026-04-02T16:14:25+00:00","breadcrumb":{"@id":"https:\/\/www.vamosdelongevidade.com.br\/blog\/ciencia-da-respiracao\/#breadcrumb"},"inLanguage":"pt-BR","potentialAction":[{"@type":"ReadAction","target":["https:\/\/www.vamosdelongevidade.com.br\/blog\/ciencia-da-respiracao\/"]}]},{"@type":"ImageObject","inLanguage":"pt-BR","@id":"https:\/\/www.vamosdelongevidade.com.br\/blog\/ciencia-da-respiracao\/#primaryimage","url":"https:\/\/www.vamosdelongevidade.com.br\/blog\/wp-content\/uploads\/2026\/04\/ciencia-da-respiracao.jpg","contentUrl":"https:\/\/www.vamosdelongevidade.com.br\/blog\/wp-content\/uploads\/2026\/04\/ciencia-da-respiracao.jpg","width":1075,"height":740,"caption":"A ci\u00eancia da respira\u00e7\u00e3o: como o pranayama transforma sua longevidade"},{"@type":"BreadcrumbList","@id":"https:\/\/www.vamosdelongevidade.com.br\/blog\/ciencia-da-respiracao\/#breadcrumb","itemListElement":[{"@type":"ListItem","position":1,"name":"In\u00edcio","item":"https:\/\/www.vamosdelongevidade.com.br\/blog\/"},{"@type":"ListItem","position":2,"name":"A ci\u00eancia da respira\u00e7\u00e3o: como o pranayama transforma sua longevidade"}]},{"@type":"WebSite","@id":"https:\/\/www.vamosdelongevidade.com.br\/blog\/#website","url":"https:\/\/www.vamosdelongevidade.com.br\/blog\/","name":"Blog Vamos de Longevidade","description":"Decida agora, comece hoje","publisher":{"@id":"https:\/\/www.vamosdelongevidade.com.br\/blog\/#organization"},"potentialAction":[{"@type":"SearchAction","target":{"@type":"EntryPoint","urlTemplate":"https:\/\/www.vamosdelongevidade.com.br\/blog\/?s={search_term_string}"},"query-input":{"@type":"PropertyValueSpecification","valueRequired":true,"valueName":"search_term_string"}}],"inLanguage":"pt-BR"},{"@type":"Organization","@id":"https:\/\/www.vamosdelongevidade.com.br\/blog\/#organization","name":"Blog Vamos de Longevidade","url":"https:\/\/www.vamosdelongevidade.com.br\/blog\/","logo":{"@type":"ImageObject","inLanguage":"pt-BR","@id":"https:\/\/www.vamosdelongevidade.com.br\/blog\/#\/schema\/logo\/image\/","url":"https:\/\/www.vamosdelongevidade.com.br\/blog\/wp-content\/uploads\/2026\/02\/logo-vdl.png","contentUrl":"https:\/\/www.vamosdelongevidade.com.br\/blog\/wp-content\/uploads\/2026\/02\/logo-vdl.png","width":768,"height":298,"caption":"Blog Vamos de Longevidade"},"image":{"@id":"https:\/\/www.vamosdelongevidade.com.br\/blog\/#\/schema\/logo\/image\/"},"sameAs":["https:\/\/www.facebook.com\/vamosdelongevidade","https:\/\/x.com\/VDLongevidade","https:\/\/www.instagram.com\/vamosdelongevidade","https:\/\/www.youtube.com\/@vamosdelongevidade","https:\/\/www.tiktok.com\/@vamosdelongevidade","https:\/\/br.pinterest.com\/vamosdelongevidade"]},{"@type":"Person","@id":"https:\/\/www.vamosdelongevidade.com.br\/blog\/#\/schema\/person\/e363044733616a3342ddb2ff2f367db4","name":"Priscila Diana","image":{"@type":"ImageObject","inLanguage":"pt-BR","@id":"https:\/\/www.vamosdelongevidade.com.br\/blog\/wp-content\/uploads\/2026\/04\/priscila-diana.jpg","url":"https:\/\/www.vamosdelongevidade.com.br\/blog\/wp-content\/uploads\/2026\/04\/priscila-diana.jpg","contentUrl":"https:\/\/www.vamosdelongevidade.com.br\/blog\/wp-content\/uploads\/2026\/04\/priscila-diana.jpg","caption":"Priscila Diana"},"description":"Formada em Recursos Humanos, com dois anos de atua\u00e7\u00e3o na \u00e1rea. Desde 2019, facilita processos terap\u00eauticos como Naturopata Hol\u00edstica, consolidando uma bagagem cl\u00ednica que une viv\u00eancia pr\u00e1tica a um m\u00e9todo educativo. P\u00f3s-graduanda em Psican\u00e1lise, Constela\u00e7\u00e3o Familiar e Terapias Naturais, \u00e9 Mestra Reiki e idealizadora do VDL. Sua miss\u00e3o \u00e9 tornar acess\u00edveis informa\u00e7\u00f5es e h\u00e1bitos di\u00e1rios que promovem longevidade e presen\u00e7a de forma hol\u00edstica.","url":"https:\/\/www.vamosdelongevidade.com.br\/blog\/author\/prisciladiana\/"}]}},"_links":{"self":[{"href":"https:\/\/www.vamosdelongevidade.com.br\/blog\/wp-json\/wp\/v2\/posts\/405","targetHints":{"allow":["GET"]}}],"collection":[{"href":"https:\/\/www.vamosdelongevidade.com.br\/blog\/wp-json\/wp\/v2\/posts"}],"about":[{"href":"https:\/\/www.vamosdelongevidade.com.br\/blog\/wp-json\/wp\/v2\/types\/post"}],"author":[{"embeddable":true,"href":"https:\/\/www.vamosdelongevidade.com.br\/blog\/wp-json\/wp\/v2\/users\/2"}],"replies":[{"embeddable":true,"href":"https:\/\/www.vamosdelongevidade.com.br\/blog\/wp-json\/wp\/v2\/comments?post=405"}],"version-history":[{"count":1,"href":"https:\/\/www.vamosdelongevidade.com.br\/blog\/wp-json\/wp\/v2\/posts\/405\/revisions"}],"predecessor-version":[{"id":407,"href":"https:\/\/www.vamosdelongevidade.com.br\/blog\/wp-json\/wp\/v2\/posts\/405\/revisions\/407"}],"wp:featuredmedia":[{"embeddable":true,"href":"https:\/\/www.vamosdelongevidade.com.br\/blog\/wp-json\/wp\/v2\/media\/408"}],"wp:attachment":[{"href":"https:\/\/www.vamosdelongevidade.com.br\/blog\/wp-json\/wp\/v2\/media?parent=405"}],"wp:term":[{"taxonomy":"category","embeddable":true,"href":"https:\/\/www.vamosdelongevidade.com.br\/blog\/wp-json\/wp\/v2\/categories?post=405"},{"taxonomy":"post_tag","embeddable":true,"href":"https:\/\/www.vamosdelongevidade.com.br\/blog\/wp-json\/wp\/v2\/tags?post=405"}],"curies":[{"name":"wp","href":"https:\/\/api.w.org\/{rel}","templated":true}]}}