{"id":400,"date":"2026-04-02T12:52:51","date_gmt":"2026-04-02T15:52:51","guid":{"rendered":"https:\/\/www.vamosdelongevidade.com.br\/blog\/?p=400"},"modified":"2026-04-02T13:13:56","modified_gmt":"2026-04-02T16:13:56","slug":"a-nova-nr-1","status":"publish","type":"post","link":"https:\/\/www.vamosdelongevidade.com.br\/blog\/a-nova-nr-1\/","title":{"rendered":"A Nova NR-1 chegou: Sua empresa est\u00e1 pronta para a fiscaliza\u00e7\u00e3o de 2026?"},"content":{"rendered":"\n<p>O cen\u00e1rio mudou. A partir de <strong>2026<\/strong>, a fiscaliza\u00e7\u00e3o do Minist\u00e9rio do Trabalho est\u00e1 sendo muito mais rigorosa com as atualiza\u00e7\u00f5es da <strong>NR-1<\/strong>. O que antes era focado apenas em riscos f\u00edsicos, agora exige uma postura ativa das empresas sobre a <strong>sa\u00fade integral<\/strong> dos seus colaboradores.<\/p>\n\n\n\n<p>\u200bNeste artigo, vamos detalhar o que mudou e como a tecnologia pr\u00e1tica \u00e9 a \u00fanica forma de garantir que sua empresa n\u00e3o seja apenas &#8220;dentro da lei&#8221;, mas um lugar de seguran\u00e7a real.<\/p>\n\n\n\n<h2 class=\"wp-block-heading\">\u200b1. O Grande Marco de 2026: Sa\u00fade Mental \u00e9 Obriga\u00e7\u00e3o<\/h2>\n\n\n\n<p>\u200bA maior mudan\u00e7a na atualiza\u00e7\u00e3o da <strong>NR-1<\/strong> \u00e9 a consolida\u00e7\u00e3o dos <strong>riscos psicossociais<\/strong> como parte essencial do PGR (Programa de Gerenciamento de Riscos). A lei agora exige que a empresa tenha medidas preventivas contra o adoecimento mental, o estresse cr\u00f4nico e o esgotamento.<\/p>\n\n\n\n<p>\u200bIgnorar a sa\u00fade emocional e mental do colaborador hoje gera o mesmo peso legal e risco de autua\u00e7\u00e3o que ignorar a falta de um equipamento de prote\u00e7\u00e3o f\u00edsica.<\/p>\n\n\n\n<h2 class=\"wp-block-heading\">\u200b2. Do Diagn\u00f3stico \u00e0 A\u00e7\u00e3o Pr\u00e1tica<\/h2>\n\n\n\n<p>\u200bA nova norma exige que a empresa n\u00e3o apenas &#8220;identifique&#8221; o risco, mas que ofere\u00e7a caminhos. N\u00e3o basta saber que o ambiente \u00e9 estressante; \u00e9 preciso dar ao trabalhador as <strong>ferramentas necess\u00e1rias<\/strong> para recuperar seu equil\u00edbrio. \u00c9 aqui que a gest\u00e3o moderna se diferencia: a preven\u00e7\u00e3o deve estar acess\u00edvel na palma da m\u00e3o, no momento da necessidade.<\/p>\n\n\n\n<h2 class=\"wp-block-heading\">\u200b3. Rigor nos Crit\u00e9rios de Preven\u00e7\u00e3o<\/h2>\n\n\n\n<p>\u200bA fiscaliza\u00e7\u00e3o em <strong>2026<\/strong> quer ver evid\u00eancias de que a empresa promove a sa\u00fade de forma ativa. Se um colaborador passa por uma situa\u00e7\u00e3o de crise ou alta press\u00e3o, o que a empresa oferece de suporte imediato para que ele possa <strong>voltar ao seu centro<\/strong>? Se a resposta for &#8220;nada&#8221;, a empresa est\u00e1 em risco jur\u00eddico.<\/p>\n\n\n\n<h2 class=\"wp-block-heading\">\u200b4. Como o App VDL resolve essa nova realidade na pr\u00e1tica?<\/h2>\n\n\n\n<p>\u200bO <strong>aplicativo VDL<\/strong> foi desenhado para ser uma ferramenta de uso direto do trabalhador, oferecendo uma jornada de autocuidado que utiliza a tecnologia para entregar bem-estar:<\/p>\n\n\n\n<ul class=\"wp-block-list\">\n<li>\u200b<strong>Terapias Energ\u00e9ticas e Integrativas:<\/strong> O colaborador tem acesso a recursos que trabalham o equil\u00edbrio do sistema como um todo. Desde a harmoniza\u00e7\u00e3o energ\u00e9tica at\u00e9 pr\u00e1ticas integrativas, o app ajuda a reduzir drasticamente os n\u00edveis de ansiedade e estresse.<\/li>\n\n\n\n<li>\u200b<strong>Ferramentas para &#8220;Voltar ao Centro&#8221;:<\/strong> O app oferece uma curadoria de pr\u00e1ticas que auxiliam o funcion\u00e1rio a retomar o foco e a calma em poucos minutos, combatendo a sobrecarga mental no ato.<\/li>\n\n\n\n<li>\u200b<strong>Preven\u00e7\u00e3o Real de Burnout:<\/strong> Ao oferecer solu\u00e7\u00f5es que cuidam da mente e do campo emocional, a empresa reduz o \u00edndice de afastamentos e doen\u00e7as ocupacionais graves.<\/li>\n\n\n\n<li>\u200b<strong>Conformidade com a NR-1:<\/strong> Implementar o <strong>VDL<\/strong> prova para a fiscaliza\u00e7\u00e3o que a empresa entrega solu\u00e7\u00f5es reais e modernas para a preserva\u00e7\u00e3o da sa\u00fade integral da equipe, cumprindo os requisitos de preven\u00e7\u00e3o exigidos pela norma.<\/li>\n<\/ul>\n\n\n\n<h2 class=\"wp-block-heading\">\u200bConclus\u00e3o<\/h2>\n\n\n\n<p>A atualiza\u00e7\u00e3o da <strong>NR-1<\/strong> em 2026 exige que as empresas saiam do papel e partam para a a\u00e7\u00e3o. Ter o <strong>VDL<\/strong> como parceiro significa transformar a obriga\u00e7\u00e3o legal em um ambiente de trabalho mais saud\u00e1vel, equilibrado e produtivo.<\/p>\n\n\n\n<p>\u200b<strong>Sua empresa oferece ferramentas de terapias integrativas e suporte emocional?<\/strong> N\u00e3o espere a fiscaliza\u00e7\u00e3o bater \u00e0 porta. Modernize sua gest\u00e3o com o app <strong>VDL<\/strong> hoje mesmo!<\/p>\n","protected":false},"excerpt":{"rendered":"<p>O cen\u00e1rio mudou. A partir de 2026, a fiscaliza\u00e7\u00e3o do Minist\u00e9rio do Trabalho est\u00e1 sendo muito mais rigorosa com as atualiza\u00e7\u00f5es da NR-1. O que antes era focado apenas em riscos f\u00edsicos, agora exige uma postura ativa das empresas sobre a sa\u00fade integral dos seus colaboradores. \u200bNeste artigo, vamos detalhar o que mudou e como [&hellip;]<\/p>\n","protected":false},"author":2,"featured_media":402,"comment_status":"open","ping_status":"open","sticky":false,"template":"","format":"standard","meta":{"destaque":"","footnotes":""},"categories":[63],"tags":[],"class_list":["post-400","post","type-post","status-publish","format-standard","has-post-thumbnail","hentry","category-nr-1"],"yoast_head":"<!-- This site is optimized with the Yoast SEO plugin v27.3 - https:\/\/yoast.com\/product\/yoast-seo-wordpress\/ -->\n<title>A Nova NR-1 chegou: Sua empresa est\u00e1 pronta para a fiscaliza\u00e7\u00e3o de 2026? - Blog Vamos de Longevidade<\/title>\n<meta name=\"robots\" content=\"index, follow, max-snippet:-1, max-image-preview:large, max-video-preview:-1\" \/>\n<link rel=\"canonical\" href=\"https:\/\/www.vamosdelongevidade.com.br\/blog\/a-nova-nr-1\/\" \/>\n<meta property=\"og:locale\" content=\"pt_BR\" \/>\n<meta property=\"og:type\" content=\"article\" \/>\n<meta property=\"og:title\" content=\"A Nova NR-1 chegou: Sua empresa est\u00e1 pronta para a fiscaliza\u00e7\u00e3o de 2026? - Blog Vamos de Longevidade\" \/>\n<meta property=\"og:description\" content=\"O cen\u00e1rio mudou. A partir de 2026, a fiscaliza\u00e7\u00e3o do Minist\u00e9rio do Trabalho est\u00e1 sendo muito mais rigorosa com as atualiza\u00e7\u00f5es da NR-1. O que antes era focado apenas em riscos f\u00edsicos, agora exige uma postura ativa das empresas sobre a sa\u00fade integral dos seus colaboradores. \u200bNeste artigo, vamos detalhar o que mudou e como [&hellip;]\" \/>\n<meta property=\"og:url\" content=\"https:\/\/www.vamosdelongevidade.com.br\/blog\/a-nova-nr-1\/\" \/>\n<meta property=\"og:site_name\" content=\"Blog Vamos de Longevidade\" \/>\n<meta property=\"article:publisher\" content=\"https:\/\/www.facebook.com\/vamosdelongevidade\" \/>\n<meta property=\"article:published_time\" content=\"2026-04-02T15:52:51+00:00\" \/>\n<meta property=\"article:modified_time\" content=\"2026-04-02T16:13:56+00:00\" \/>\n<meta property=\"og:image\" content=\"https:\/\/www.vamosdelongevidade.com.br\/blog\/wp-content\/uploads\/2026\/04\/nova-nr-1.jpg\" \/>\n\t<meta property=\"og:image:width\" content=\"1075\" \/>\n\t<meta property=\"og:image:height\" content=\"740\" \/>\n\t<meta property=\"og:image:type\" content=\"image\/jpeg\" \/>\n<meta name=\"author\" content=\"Priscila Diana\" \/>\n<meta name=\"twitter:card\" content=\"summary_large_image\" \/>\n<meta name=\"twitter:creator\" content=\"@VDLongevidade\" \/>\n<meta name=\"twitter:site\" content=\"@VDLongevidade\" \/>\n<meta name=\"twitter:label1\" content=\"Escrito por\" \/>\n\t<meta name=\"twitter:data1\" content=\"Priscila Diana\" \/>\n\t<meta name=\"twitter:label2\" content=\"Est. tempo de leitura\" \/>\n\t<meta name=\"twitter:data2\" content=\"3 minutos\" \/>\n<script type=\"application\/ld+json\" class=\"yoast-schema-graph\">{\"@context\":\"https:\\\/\\\/schema.org\",\"@graph\":[{\"@type\":\"Article\",\"@id\":\"https:\\\/\\\/www.vamosdelongevidade.com.br\\\/blog\\\/a-nova-nr-1\\\/#article\",\"isPartOf\":{\"@id\":\"https:\\\/\\\/www.vamosdelongevidade.com.br\\\/blog\\\/a-nova-nr-1\\\/\"},\"author\":{\"name\":\"Priscila Diana\",\"@id\":\"https:\\\/\\\/www.vamosdelongevidade.com.br\\\/blog\\\/#\\\/schema\\\/person\\\/e363044733616a3342ddb2ff2f367db4\"},\"headline\":\"A Nova NR-1 chegou: Sua empresa est\u00e1 pronta para a fiscaliza\u00e7\u00e3o de 2026?\",\"datePublished\":\"2026-04-02T15:52:51+00:00\",\"dateModified\":\"2026-04-02T16:13:56+00:00\",\"mainEntityOfPage\":{\"@id\":\"https:\\\/\\\/www.vamosdelongevidade.com.br\\\/blog\\\/a-nova-nr-1\\\/\"},\"wordCount\":579,\"commentCount\":0,\"publisher\":{\"@id\":\"https:\\\/\\\/www.vamosdelongevidade.com.br\\\/blog\\\/#organization\"},\"image\":{\"@id\":\"https:\\\/\\\/www.vamosdelongevidade.com.br\\\/blog\\\/a-nova-nr-1\\\/#primaryimage\"},\"thumbnailUrl\":\"https:\\\/\\\/www.vamosdelongevidade.com.br\\\/blog\\\/wp-content\\\/uploads\\\/2026\\\/04\\\/nova-nr-1.jpg\",\"articleSection\":[\"NR-1\"],\"inLanguage\":\"pt-BR\",\"potentialAction\":[{\"@type\":\"CommentAction\",\"name\":\"Comment\",\"target\":[\"https:\\\/\\\/www.vamosdelongevidade.com.br\\\/blog\\\/a-nova-nr-1\\\/#respond\"]}]},{\"@type\":\"WebPage\",\"@id\":\"https:\\\/\\\/www.vamosdelongevidade.com.br\\\/blog\\\/a-nova-nr-1\\\/\",\"url\":\"https:\\\/\\\/www.vamosdelongevidade.com.br\\\/blog\\\/a-nova-nr-1\\\/\",\"name\":\"A Nova NR-1 chegou: Sua empresa est\u00e1 pronta para a fiscaliza\u00e7\u00e3o de 2026? - Blog Vamos de Longevidade\",\"isPartOf\":{\"@id\":\"https:\\\/\\\/www.vamosdelongevidade.com.br\\\/blog\\\/#website\"},\"primaryImageOfPage\":{\"@id\":\"https:\\\/\\\/www.vamosdelongevidade.com.br\\\/blog\\\/a-nova-nr-1\\\/#primaryimage\"},\"image\":{\"@id\":\"https:\\\/\\\/www.vamosdelongevidade.com.br\\\/blog\\\/a-nova-nr-1\\\/#primaryimage\"},\"thumbnailUrl\":\"https:\\\/\\\/www.vamosdelongevidade.com.br\\\/blog\\\/wp-content\\\/uploads\\\/2026\\\/04\\\/nova-nr-1.jpg\",\"datePublished\":\"2026-04-02T15:52:51+00:00\",\"dateModified\":\"2026-04-02T16:13:56+00:00\",\"breadcrumb\":{\"@id\":\"https:\\\/\\\/www.vamosdelongevidade.com.br\\\/blog\\\/a-nova-nr-1\\\/#breadcrumb\"},\"inLanguage\":\"pt-BR\",\"potentialAction\":[{\"@type\":\"ReadAction\",\"target\":[\"https:\\\/\\\/www.vamosdelongevidade.com.br\\\/blog\\\/a-nova-nr-1\\\/\"]}]},{\"@type\":\"ImageObject\",\"inLanguage\":\"pt-BR\",\"@id\":\"https:\\\/\\\/www.vamosdelongevidade.com.br\\\/blog\\\/a-nova-nr-1\\\/#primaryimage\",\"url\":\"https:\\\/\\\/www.vamosdelongevidade.com.br\\\/blog\\\/wp-content\\\/uploads\\\/2026\\\/04\\\/nova-nr-1.jpg\",\"contentUrl\":\"https:\\\/\\\/www.vamosdelongevidade.com.br\\\/blog\\\/wp-content\\\/uploads\\\/2026\\\/04\\\/nova-nr-1.jpg\",\"width\":1075,\"height\":740,\"caption\":\"A Nova NR-1 chegou: Sua empresa est\u00e1 pronta para a fiscaliza\u00e7\u00e3o de 2026?\"},{\"@type\":\"BreadcrumbList\",\"@id\":\"https:\\\/\\\/www.vamosdelongevidade.com.br\\\/blog\\\/a-nova-nr-1\\\/#breadcrumb\",\"itemListElement\":[{\"@type\":\"ListItem\",\"position\":1,\"name\":\"In\u00edcio\",\"item\":\"https:\\\/\\\/www.vamosdelongevidade.com.br\\\/blog\\\/\"},{\"@type\":\"ListItem\",\"position\":2,\"name\":\"A Nova NR-1 chegou: Sua empresa est\u00e1 pronta para a fiscaliza\u00e7\u00e3o de 2026?\"}]},{\"@type\":\"WebSite\",\"@id\":\"https:\\\/\\\/www.vamosdelongevidade.com.br\\\/blog\\\/#website\",\"url\":\"https:\\\/\\\/www.vamosdelongevidade.com.br\\\/blog\\\/\",\"name\":\"Blog Vamos de Longevidade\",\"description\":\"Decida agora, comece hoje\",\"publisher\":{\"@id\":\"https:\\\/\\\/www.vamosdelongevidade.com.br\\\/blog\\\/#organization\"},\"potentialAction\":[{\"@type\":\"SearchAction\",\"target\":{\"@type\":\"EntryPoint\",\"urlTemplate\":\"https:\\\/\\\/www.vamosdelongevidade.com.br\\\/blog\\\/?s={search_term_string}\"},\"query-input\":{\"@type\":\"PropertyValueSpecification\",\"valueRequired\":true,\"valueName\":\"search_term_string\"}}],\"inLanguage\":\"pt-BR\"},{\"@type\":\"Organization\",\"@id\":\"https:\\\/\\\/www.vamosdelongevidade.com.br\\\/blog\\\/#organization\",\"name\":\"Blog Vamos de Longevidade\",\"url\":\"https:\\\/\\\/www.vamosdelongevidade.com.br\\\/blog\\\/\",\"logo\":{\"@type\":\"ImageObject\",\"inLanguage\":\"pt-BR\",\"@id\":\"https:\\\/\\\/www.vamosdelongevidade.com.br\\\/blog\\\/#\\\/schema\\\/logo\\\/image\\\/\",\"url\":\"https:\\\/\\\/www.vamosdelongevidade.com.br\\\/blog\\\/wp-content\\\/uploads\\\/2026\\\/02\\\/logo-vdl.png\",\"contentUrl\":\"https:\\\/\\\/www.vamosdelongevidade.com.br\\\/blog\\\/wp-content\\\/uploads\\\/2026\\\/02\\\/logo-vdl.png\",\"width\":768,\"height\":298,\"caption\":\"Blog Vamos de Longevidade\"},\"image\":{\"@id\":\"https:\\\/\\\/www.vamosdelongevidade.com.br\\\/blog\\\/#\\\/schema\\\/logo\\\/image\\\/\"},\"sameAs\":[\"https:\\\/\\\/www.facebook.com\\\/vamosdelongevidade\",\"https:\\\/\\\/x.com\\\/VDLongevidade\",\"https:\\\/\\\/www.instagram.com\\\/vamosdelongevidade\",\"https:\\\/\\\/www.youtube.com\\\/@vamosdelongevidade\",\"https:\\\/\\\/www.tiktok.com\\\/@vamosdelongevidade\",\"https:\\\/\\\/br.pinterest.com\\\/vamosdelongevidade\"]},{\"@type\":\"Person\",\"@id\":\"https:\\\/\\\/www.vamosdelongevidade.com.br\\\/blog\\\/#\\\/schema\\\/person\\\/e363044733616a3342ddb2ff2f367db4\",\"name\":\"Priscila Diana\",\"image\":{\"@type\":\"ImageObject\",\"inLanguage\":\"pt-BR\",\"@id\":\"https:\\\/\\\/www.vamosdelongevidade.com.br\\\/blog\\\/wp-content\\\/uploads\\\/2026\\\/04\\\/priscila-diana.jpg\",\"url\":\"https:\\\/\\\/www.vamosdelongevidade.com.br\\\/blog\\\/wp-content\\\/uploads\\\/2026\\\/04\\\/priscila-diana.jpg\",\"contentUrl\":\"https:\\\/\\\/www.vamosdelongevidade.com.br\\\/blog\\\/wp-content\\\/uploads\\\/2026\\\/04\\\/priscila-diana.jpg\",\"caption\":\"Priscila Diana\"},\"description\":\"Formada em Recursos Humanos, com dois anos de atua\u00e7\u00e3o na \u00e1rea. Desde 2019, facilita processos terap\u00eauticos como Naturopata Hol\u00edstica, consolidando uma bagagem cl\u00ednica que une viv\u00eancia pr\u00e1tica a um m\u00e9todo educativo. P\u00f3s-graduanda em Psican\u00e1lise, Constela\u00e7\u00e3o Familiar e Terapias Naturais, \u00e9 Mestra Reiki e idealizadora do VDL. Sua miss\u00e3o \u00e9 tornar acess\u00edveis informa\u00e7\u00f5es e h\u00e1bitos di\u00e1rios que promovem longevidade e presen\u00e7a de forma hol\u00edstica.\",\"url\":\"https:\\\/\\\/www.vamosdelongevidade.com.br\\\/blog\\\/author\\\/prisciladiana\\\/\"}]}<\/script>\n<!-- \/ Yoast SEO plugin. -->","yoast_head_json":{"title":"A Nova NR-1 chegou: Sua empresa est\u00e1 pronta para a fiscaliza\u00e7\u00e3o de 2026? - Blog Vamos de Longevidade","robots":{"index":"index","follow":"follow","max-snippet":"max-snippet:-1","max-image-preview":"max-image-preview:large","max-video-preview":"max-video-preview:-1"},"canonical":"https:\/\/www.vamosdelongevidade.com.br\/blog\/a-nova-nr-1\/","og_locale":"pt_BR","og_type":"article","og_title":"A Nova NR-1 chegou: Sua empresa est\u00e1 pronta para a fiscaliza\u00e7\u00e3o de 2026? - Blog Vamos de Longevidade","og_description":"O cen\u00e1rio mudou. A partir de 2026, a fiscaliza\u00e7\u00e3o do Minist\u00e9rio do Trabalho est\u00e1 sendo muito mais rigorosa com as atualiza\u00e7\u00f5es da NR-1. O que antes era focado apenas em riscos f\u00edsicos, agora exige uma postura ativa das empresas sobre a sa\u00fade integral dos seus colaboradores. \u200bNeste artigo, vamos detalhar o que mudou e como [&hellip;]","og_url":"https:\/\/www.vamosdelongevidade.com.br\/blog\/a-nova-nr-1\/","og_site_name":"Blog Vamos de Longevidade","article_publisher":"https:\/\/www.facebook.com\/vamosdelongevidade","article_published_time":"2026-04-02T15:52:51+00:00","article_modified_time":"2026-04-02T16:13:56+00:00","og_image":[{"width":1075,"height":740,"url":"https:\/\/www.vamosdelongevidade.com.br\/blog\/wp-content\/uploads\/2026\/04\/nova-nr-1.jpg","type":"image\/jpeg"}],"author":"Priscila Diana","twitter_card":"summary_large_image","twitter_creator":"@VDLongevidade","twitter_site":"@VDLongevidade","twitter_misc":{"Escrito por":"Priscila Diana","Est. tempo de leitura":"3 minutos"},"schema":{"@context":"https:\/\/schema.org","@graph":[{"@type":"Article","@id":"https:\/\/www.vamosdelongevidade.com.br\/blog\/a-nova-nr-1\/#article","isPartOf":{"@id":"https:\/\/www.vamosdelongevidade.com.br\/blog\/a-nova-nr-1\/"},"author":{"name":"Priscila Diana","@id":"https:\/\/www.vamosdelongevidade.com.br\/blog\/#\/schema\/person\/e363044733616a3342ddb2ff2f367db4"},"headline":"A Nova NR-1 chegou: Sua empresa est\u00e1 pronta para a fiscaliza\u00e7\u00e3o de 2026?","datePublished":"2026-04-02T15:52:51+00:00","dateModified":"2026-04-02T16:13:56+00:00","mainEntityOfPage":{"@id":"https:\/\/www.vamosdelongevidade.com.br\/blog\/a-nova-nr-1\/"},"wordCount":579,"commentCount":0,"publisher":{"@id":"https:\/\/www.vamosdelongevidade.com.br\/blog\/#organization"},"image":{"@id":"https:\/\/www.vamosdelongevidade.com.br\/blog\/a-nova-nr-1\/#primaryimage"},"thumbnailUrl":"https:\/\/www.vamosdelongevidade.com.br\/blog\/wp-content\/uploads\/2026\/04\/nova-nr-1.jpg","articleSection":["NR-1"],"inLanguage":"pt-BR","potentialAction":[{"@type":"CommentAction","name":"Comment","target":["https:\/\/www.vamosdelongevidade.com.br\/blog\/a-nova-nr-1\/#respond"]}]},{"@type":"WebPage","@id":"https:\/\/www.vamosdelongevidade.com.br\/blog\/a-nova-nr-1\/","url":"https:\/\/www.vamosdelongevidade.com.br\/blog\/a-nova-nr-1\/","name":"A Nova NR-1 chegou: Sua empresa est\u00e1 pronta para a fiscaliza\u00e7\u00e3o de 2026? - Blog Vamos de Longevidade","isPartOf":{"@id":"https:\/\/www.vamosdelongevidade.com.br\/blog\/#website"},"primaryImageOfPage":{"@id":"https:\/\/www.vamosdelongevidade.com.br\/blog\/a-nova-nr-1\/#primaryimage"},"image":{"@id":"https:\/\/www.vamosdelongevidade.com.br\/blog\/a-nova-nr-1\/#primaryimage"},"thumbnailUrl":"https:\/\/www.vamosdelongevidade.com.br\/blog\/wp-content\/uploads\/2026\/04\/nova-nr-1.jpg","datePublished":"2026-04-02T15:52:51+00:00","dateModified":"2026-04-02T16:13:56+00:00","breadcrumb":{"@id":"https:\/\/www.vamosdelongevidade.com.br\/blog\/a-nova-nr-1\/#breadcrumb"},"inLanguage":"pt-BR","potentialAction":[{"@type":"ReadAction","target":["https:\/\/www.vamosdelongevidade.com.br\/blog\/a-nova-nr-1\/"]}]},{"@type":"ImageObject","inLanguage":"pt-BR","@id":"https:\/\/www.vamosdelongevidade.com.br\/blog\/a-nova-nr-1\/#primaryimage","url":"https:\/\/www.vamosdelongevidade.com.br\/blog\/wp-content\/uploads\/2026\/04\/nova-nr-1.jpg","contentUrl":"https:\/\/www.vamosdelongevidade.com.br\/blog\/wp-content\/uploads\/2026\/04\/nova-nr-1.jpg","width":1075,"height":740,"caption":"A Nova NR-1 chegou: Sua empresa est\u00e1 pronta para a fiscaliza\u00e7\u00e3o de 2026?"},{"@type":"BreadcrumbList","@id":"https:\/\/www.vamosdelongevidade.com.br\/blog\/a-nova-nr-1\/#breadcrumb","itemListElement":[{"@type":"ListItem","position":1,"name":"In\u00edcio","item":"https:\/\/www.vamosdelongevidade.com.br\/blog\/"},{"@type":"ListItem","position":2,"name":"A Nova NR-1 chegou: Sua empresa est\u00e1 pronta para a fiscaliza\u00e7\u00e3o de 2026?"}]},{"@type":"WebSite","@id":"https:\/\/www.vamosdelongevidade.com.br\/blog\/#website","url":"https:\/\/www.vamosdelongevidade.com.br\/blog\/","name":"Blog Vamos de Longevidade","description":"Decida agora, comece hoje","publisher":{"@id":"https:\/\/www.vamosdelongevidade.com.br\/blog\/#organization"},"potentialAction":[{"@type":"SearchAction","target":{"@type":"EntryPoint","urlTemplate":"https:\/\/www.vamosdelongevidade.com.br\/blog\/?s={search_term_string}"},"query-input":{"@type":"PropertyValueSpecification","valueRequired":true,"valueName":"search_term_string"}}],"inLanguage":"pt-BR"},{"@type":"Organization","@id":"https:\/\/www.vamosdelongevidade.com.br\/blog\/#organization","name":"Blog Vamos de Longevidade","url":"https:\/\/www.vamosdelongevidade.com.br\/blog\/","logo":{"@type":"ImageObject","inLanguage":"pt-BR","@id":"https:\/\/www.vamosdelongevidade.com.br\/blog\/#\/schema\/logo\/image\/","url":"https:\/\/www.vamosdelongevidade.com.br\/blog\/wp-content\/uploads\/2026\/02\/logo-vdl.png","contentUrl":"https:\/\/www.vamosdelongevidade.com.br\/blog\/wp-content\/uploads\/2026\/02\/logo-vdl.png","width":768,"height":298,"caption":"Blog Vamos de Longevidade"},"image":{"@id":"https:\/\/www.vamosdelongevidade.com.br\/blog\/#\/schema\/logo\/image\/"},"sameAs":["https:\/\/www.facebook.com\/vamosdelongevidade","https:\/\/x.com\/VDLongevidade","https:\/\/www.instagram.com\/vamosdelongevidade","https:\/\/www.youtube.com\/@vamosdelongevidade","https:\/\/www.tiktok.com\/@vamosdelongevidade","https:\/\/br.pinterest.com\/vamosdelongevidade"]},{"@type":"Person","@id":"https:\/\/www.vamosdelongevidade.com.br\/blog\/#\/schema\/person\/e363044733616a3342ddb2ff2f367db4","name":"Priscila Diana","image":{"@type":"ImageObject","inLanguage":"pt-BR","@id":"https:\/\/www.vamosdelongevidade.com.br\/blog\/wp-content\/uploads\/2026\/04\/priscila-diana.jpg","url":"https:\/\/www.vamosdelongevidade.com.br\/blog\/wp-content\/uploads\/2026\/04\/priscila-diana.jpg","contentUrl":"https:\/\/www.vamosdelongevidade.com.br\/blog\/wp-content\/uploads\/2026\/04\/priscila-diana.jpg","caption":"Priscila Diana"},"description":"Formada em Recursos Humanos, com dois anos de atua\u00e7\u00e3o na \u00e1rea. Desde 2019, facilita processos terap\u00eauticos como Naturopata Hol\u00edstica, consolidando uma bagagem cl\u00ednica que une viv\u00eancia pr\u00e1tica a um m\u00e9todo educativo. P\u00f3s-graduanda em Psican\u00e1lise, Constela\u00e7\u00e3o Familiar e Terapias Naturais, \u00e9 Mestra Reiki e idealizadora do VDL. Sua miss\u00e3o \u00e9 tornar acess\u00edveis informa\u00e7\u00f5es e h\u00e1bitos di\u00e1rios que promovem longevidade e presen\u00e7a de forma hol\u00edstica.","url":"https:\/\/www.vamosdelongevidade.com.br\/blog\/author\/prisciladiana\/"}]}},"_links":{"self":[{"href":"https:\/\/www.vamosdelongevidade.com.br\/blog\/wp-json\/wp\/v2\/posts\/400","targetHints":{"allow":["GET"]}}],"collection":[{"href":"https:\/\/www.vamosdelongevidade.com.br\/blog\/wp-json\/wp\/v2\/posts"}],"about":[{"href":"https:\/\/www.vamosdelongevidade.com.br\/blog\/wp-json\/wp\/v2\/types\/post"}],"author":[{"embeddable":true,"href":"https:\/\/www.vamosdelongevidade.com.br\/blog\/wp-json\/wp\/v2\/users\/2"}],"replies":[{"embeddable":true,"href":"https:\/\/www.vamosdelongevidade.com.br\/blog\/wp-json\/wp\/v2\/comments?post=400"}],"version-history":[{"count":2,"href":"https:\/\/www.vamosdelongevidade.com.br\/blog\/wp-json\/wp\/v2\/posts\/400\/revisions"}],"predecessor-version":[{"id":404,"href":"https:\/\/www.vamosdelongevidade.com.br\/blog\/wp-json\/wp\/v2\/posts\/400\/revisions\/404"}],"wp:featuredmedia":[{"embeddable":true,"href":"https:\/\/www.vamosdelongevidade.com.br\/blog\/wp-json\/wp\/v2\/media\/402"}],"wp:attachment":[{"href":"https:\/\/www.vamosdelongevidade.com.br\/blog\/wp-json\/wp\/v2\/media?parent=400"}],"wp:term":[{"taxonomy":"category","embeddable":true,"href":"https:\/\/www.vamosdelongevidade.com.br\/blog\/wp-json\/wp\/v2\/categories?post=400"},{"taxonomy":"post_tag","embeddable":true,"href":"https:\/\/www.vamosdelongevidade.com.br\/blog\/wp-json\/wp\/v2\/tags?post=400"}],"curies":[{"name":"wp","href":"https:\/\/api.w.org\/{rel}","templated":true}]}}