{"id":368,"date":"2026-02-15T00:55:14","date_gmt":"2026-02-15T03:55:14","guid":{"rendered":"https:\/\/www.vamosdelongevidade.com.br\/blog\/?p=368"},"modified":"2026-04-07T10:56:26","modified_gmt":"2026-04-07T13:56:26","slug":"cortisol-o-que-e-para-que-serve-e-como-impacta-a-longevidade","status":"publish","type":"post","link":"https:\/\/www.vamosdelongevidade.com.br\/blog\/cortisol-o-que-e-para-que-serve-e-como-impacta-a-longevidade\/","title":{"rendered":"Cortisol: o que \u00e9, para que serve e como impacta a longevidade"},"content":{"rendered":"\n<p>O <strong>cortisol<\/strong> \u00e9 um horm\u00f4nio essencial para o funcionamento do corpo humano, mas tamb\u00e9m costuma ser associado ao estresse e ao desgaste f\u00edsico e emocional. Quando est\u00e1 em equil\u00edbrio, ele \u00e9 um grande aliado da sa\u00fade. Por\u00e9m, quando permanece elevado por longos per\u00edodos, pode comprometer a qualidade de vida e a longevidade.<\/p>\n\n\n\n<h2 class=\"wp-block-heading\">O que \u00e9 o cortisol?<\/h2>\n\n\n\n<p>O cortisol \u00e9 um horm\u00f4nio produzido pelas <strong>gl\u00e2ndulas suprarrenais<\/strong> e faz parte da resposta natural do organismo ao estresse. Ele ajuda o corpo a reagir a situa\u00e7\u00f5es desafiadoras, regulando fun\u00e7\u00f5es importantes como:<\/p>\n\n\n\n<ul class=\"wp-block-list\">\n<li>Metabolismo<\/li>\n\n\n\n<li>Press\u00e3o arterial<\/li>\n\n\n\n<li>N\u00edveis de a\u00e7\u00facar no sangue<\/li>\n\n\n\n<li>Resposta inflamat\u00f3ria<\/li>\n\n\n\n<li>Ciclo sono-vig\u00edlia<\/li>\n<\/ul>\n\n\n\n<p>Em situa\u00e7\u00f5es pontuais, o cortisol \u00e9 fundamental para a sobreviv\u00eancia e adapta\u00e7\u00e3o.<\/p>\n\n\n\n<h3 class=\"wp-block-heading\">Quando o cortisol se torna um problema?<\/h3>\n\n\n\n<p>O problema surge quando o estresse deixa de ser moment\u00e2neo e passa a ser <strong>constante<\/strong>. Nesse cen\u00e1rio, o cortisol permanece elevado por muito tempo, o que pode gerar efeitos negativos, como:<\/p>\n\n\n\n<ul class=\"wp-block-list\">\n<li>Cansa\u00e7o persistente<\/li>\n\n\n\n<li>Dificuldade de concentra\u00e7\u00e3o<\/li>\n\n\n\n<li>Altera\u00e7\u00f5es no sono<\/li>\n\n\n\n<li>Enfraquecimento do sistema imunol\u00f3gico<\/li>\n\n\n\n<li>Aumento do risco de doen\u00e7as cr\u00f4nicas<\/li>\n<\/ul>\n\n\n\n<p>Esse quadro \u00e9 comum em rotinas com excesso de press\u00e3o, poucas pausas e desequil\u00edbrio entre vida pessoal e profissional.<\/p>\n\n\n\n<h4 class=\"wp-block-heading\">Cortisol e longevidade: qual a rela\u00e7\u00e3o?<\/h4>\n\n\n\n<p>A longevidade est\u00e1 diretamente ligada ao <strong>equil\u00edbrio hormonal<\/strong>. N\u00edveis elevados de cortisol por longos per\u00edodos aceleram o desgaste do organismo, favorecendo processos inflamat\u00f3rios e o envelhecimento precoce.<\/p>\n\n\n\n<p>Manter o cortisol equilibrado contribui para:<\/p>\n\n\n\n<ul class=\"wp-block-list\">\n<li>Mais energia no dia a dia<\/li>\n\n\n\n<li>Melhor qualidade do sono<\/li>\n\n\n\n<li>Sa\u00fade mental preservada<\/li>\n\n\n\n<li>Redu\u00e7\u00e3o do risco de adoecimento<\/li>\n\n\n\n<li>Vida mais longa e com mais qualidade<\/li>\n<\/ul>\n\n\n\n<p>Ou seja, controlar o estresse n\u00e3o \u00e9 luxo \u2014 \u00e9 uma estrat\u00e9gia de sa\u00fade a longo prazo.<\/p>\n\n\n\n<h5 class=\"wp-block-heading\">Como manter o cortisol em equil\u00edbrio?<\/h5>\n\n\n\n<p>Alguns h\u00e1bitos simples ajudam o corpo a regular naturalmente o cortisol:<\/p>\n\n\n\n<ul class=\"wp-block-list\">\n<li>Dormir bem e respeitar o ritmo biol\u00f3gico<\/li>\n\n\n\n<li>Praticar atividades f\u00edsicas de forma equilibrada<\/li>\n\n\n\n<li>Ter momentos de descanso e lazer<\/li>\n\n\n\n<li>Manter uma alimenta\u00e7\u00e3o adequada<\/li>\n\n\n\n<li>Desenvolver estrat\u00e9gias de gerenciamento do estresse<\/li>\n<\/ul>\n\n\n\n<p>Pequenas mudan\u00e7as na rotina fazem grande diferen\u00e7a ao longo do tempo.<\/p>\n\n\n\n<h6 class=\"wp-block-heading\">Conclus\u00e3o<\/h6>\n\n\n\n<p>O cortisol \u00e9 um horm\u00f4nio essencial, mas precisa estar em equil\u00edbrio para cumprir seu papel de forma saud\u00e1vel. Cuidar dos n\u00edveis de estresse \u00e9 uma atitude fundamental para preservar a sa\u00fade, prevenir doen\u00e7as e promover <strong>longevidade com qualidade de vida<\/strong>.<\/p>\n","protected":false},"excerpt":{"rendered":"<p>O cortisol \u00e9 um horm\u00f4nio essencial para o funcionamento do corpo humano, mas tamb\u00e9m costuma ser associado ao estresse e ao desgaste f\u00edsico e emocional. Quando est\u00e1 em equil\u00edbrio, ele \u00e9 um grande aliado da sa\u00fade. Por\u00e9m, quando permanece elevado por longos per\u00edodos, pode comprometer a qualidade de vida e a longevidade. O que \u00e9 [&hellip;]<\/p>\n","protected":false},"author":2,"featured_media":369,"comment_status":"open","ping_status":"open","sticky":false,"template":"","format":"standard","meta":{"destaque":"sim","footnotes":""},"categories":[57],"tags":[74,75],"class_list":["post-368","post","type-post","status-publish","format-standard","has-post-thumbnail","hentry","category-vitaminas","tag-hormonio","tag-longevidade"],"yoast_head":"<!-- This site is optimized with the Yoast SEO plugin v27.3 - https:\/\/yoast.com\/product\/yoast-seo-wordpress\/ -->\n<title>Cortisol: o que \u00e9, para que serve e como impacta a longevidade - Blog Vamos de Longevidade<\/title>\n<meta name=\"robots\" content=\"index, follow, max-snippet:-1, max-image-preview:large, max-video-preview:-1\" \/>\n<link rel=\"canonical\" href=\"https:\/\/www.vamosdelongevidade.com.br\/blog\/cortisol-o-que-e-para-que-serve-e-como-impacta-a-longevidade\/\" \/>\n<meta property=\"og:locale\" content=\"pt_BR\" \/>\n<meta property=\"og:type\" content=\"article\" \/>\n<meta property=\"og:title\" content=\"Cortisol: o que \u00e9, para que serve e como impacta a longevidade - Blog Vamos de Longevidade\" \/>\n<meta property=\"og:description\" content=\"O cortisol \u00e9 um horm\u00f4nio essencial para o funcionamento do corpo humano, mas tamb\u00e9m costuma ser associado ao estresse e ao desgaste f\u00edsico e emocional. Quando est\u00e1 em equil\u00edbrio, ele \u00e9 um grande aliado da sa\u00fade. Por\u00e9m, quando permanece elevado por longos per\u00edodos, pode comprometer a qualidade de vida e a longevidade. O que \u00e9 [&hellip;]\" \/>\n<meta property=\"og:url\" content=\"https:\/\/www.vamosdelongevidade.com.br\/blog\/cortisol-o-que-e-para-que-serve-e-como-impacta-a-longevidade\/\" \/>\n<meta property=\"og:site_name\" content=\"Blog Vamos de Longevidade\" \/>\n<meta property=\"article:publisher\" content=\"https:\/\/www.facebook.com\/vamosdelongevidade\" \/>\n<meta property=\"article:published_time\" content=\"2026-02-15T03:55:14+00:00\" \/>\n<meta property=\"article:modified_time\" content=\"2026-04-07T13:56:26+00:00\" \/>\n<meta property=\"og:image\" content=\"https:\/\/www.vamosdelongevidade.com.br\/blog\/wp-content\/uploads\/2026\/02\/o-que-e-cortisol.jpg\" \/>\n\t<meta property=\"og:image:width\" content=\"1200\" \/>\n\t<meta property=\"og:image:height\" content=\"824\" \/>\n\t<meta property=\"og:image:type\" content=\"image\/jpeg\" \/>\n<meta name=\"author\" content=\"Priscila Diana\" \/>\n<meta name=\"twitter:card\" content=\"summary_large_image\" \/>\n<meta name=\"twitter:creator\" content=\"@VDLongevidade\" \/>\n<meta name=\"twitter:site\" content=\"@VDLongevidade\" \/>\n<meta name=\"twitter:label1\" content=\"Escrito por\" \/>\n\t<meta name=\"twitter:data1\" content=\"Priscila Diana\" \/>\n\t<meta name=\"twitter:label2\" content=\"Est. tempo de leitura\" \/>\n\t<meta name=\"twitter:data2\" content=\"2 minutos\" \/>\n<script type=\"application\/ld+json\" class=\"yoast-schema-graph\">{\"@context\":\"https:\\\/\\\/schema.org\",\"@graph\":[{\"@type\":\"Article\",\"@id\":\"https:\\\/\\\/www.vamosdelongevidade.com.br\\\/blog\\\/cortisol-o-que-e-para-que-serve-e-como-impacta-a-longevidade\\\/#article\",\"isPartOf\":{\"@id\":\"https:\\\/\\\/www.vamosdelongevidade.com.br\\\/blog\\\/cortisol-o-que-e-para-que-serve-e-como-impacta-a-longevidade\\\/\"},\"author\":{\"name\":\"Priscila Diana\",\"@id\":\"https:\\\/\\\/www.vamosdelongevidade.com.br\\\/blog\\\/#\\\/schema\\\/person\\\/e363044733616a3342ddb2ff2f367db4\"},\"headline\":\"Cortisol: o que \u00e9, para que serve e como impacta a longevidade\",\"datePublished\":\"2026-02-15T03:55:14+00:00\",\"dateModified\":\"2026-04-07T13:56:26+00:00\",\"mainEntityOfPage\":{\"@id\":\"https:\\\/\\\/www.vamosdelongevidade.com.br\\\/blog\\\/cortisol-o-que-e-para-que-serve-e-como-impacta-a-longevidade\\\/\"},\"wordCount\":421,\"commentCount\":0,\"publisher\":{\"@id\":\"https:\\\/\\\/www.vamosdelongevidade.com.br\\\/blog\\\/#organization\"},\"image\":{\"@id\":\"https:\\\/\\\/www.vamosdelongevidade.com.br\\\/blog\\\/cortisol-o-que-e-para-que-serve-e-como-impacta-a-longevidade\\\/#primaryimage\"},\"thumbnailUrl\":\"https:\\\/\\\/www.vamosdelongevidade.com.br\\\/blog\\\/wp-content\\\/uploads\\\/2026\\\/02\\\/o-que-e-cortisol.jpg\",\"keywords\":[\"horm\u00f4nio\",\"longevidade\"],\"articleSection\":[\"Vitaminas\"],\"inLanguage\":\"pt-BR\",\"potentialAction\":[{\"@type\":\"CommentAction\",\"name\":\"Comment\",\"target\":[\"https:\\\/\\\/www.vamosdelongevidade.com.br\\\/blog\\\/cortisol-o-que-e-para-que-serve-e-como-impacta-a-longevidade\\\/#respond\"]}]},{\"@type\":\"WebPage\",\"@id\":\"https:\\\/\\\/www.vamosdelongevidade.com.br\\\/blog\\\/cortisol-o-que-e-para-que-serve-e-como-impacta-a-longevidade\\\/\",\"url\":\"https:\\\/\\\/www.vamosdelongevidade.com.br\\\/blog\\\/cortisol-o-que-e-para-que-serve-e-como-impacta-a-longevidade\\\/\",\"name\":\"Cortisol: o que \u00e9, para que serve e como impacta a longevidade - Blog Vamos de Longevidade\",\"isPartOf\":{\"@id\":\"https:\\\/\\\/www.vamosdelongevidade.com.br\\\/blog\\\/#website\"},\"primaryImageOfPage\":{\"@id\":\"https:\\\/\\\/www.vamosdelongevidade.com.br\\\/blog\\\/cortisol-o-que-e-para-que-serve-e-como-impacta-a-longevidade\\\/#primaryimage\"},\"image\":{\"@id\":\"https:\\\/\\\/www.vamosdelongevidade.com.br\\\/blog\\\/cortisol-o-que-e-para-que-serve-e-como-impacta-a-longevidade\\\/#primaryimage\"},\"thumbnailUrl\":\"https:\\\/\\\/www.vamosdelongevidade.com.br\\\/blog\\\/wp-content\\\/uploads\\\/2026\\\/02\\\/o-que-e-cortisol.jpg\",\"datePublished\":\"2026-02-15T03:55:14+00:00\",\"dateModified\":\"2026-04-07T13:56:26+00:00\",\"breadcrumb\":{\"@id\":\"https:\\\/\\\/www.vamosdelongevidade.com.br\\\/blog\\\/cortisol-o-que-e-para-que-serve-e-como-impacta-a-longevidade\\\/#breadcrumb\"},\"inLanguage\":\"pt-BR\",\"potentialAction\":[{\"@type\":\"ReadAction\",\"target\":[\"https:\\\/\\\/www.vamosdelongevidade.com.br\\\/blog\\\/cortisol-o-que-e-para-que-serve-e-como-impacta-a-longevidade\\\/\"]}]},{\"@type\":\"ImageObject\",\"inLanguage\":\"pt-BR\",\"@id\":\"https:\\\/\\\/www.vamosdelongevidade.com.br\\\/blog\\\/cortisol-o-que-e-para-que-serve-e-como-impacta-a-longevidade\\\/#primaryimage\",\"url\":\"https:\\\/\\\/www.vamosdelongevidade.com.br\\\/blog\\\/wp-content\\\/uploads\\\/2026\\\/02\\\/o-que-e-cortisol.jpg\",\"contentUrl\":\"https:\\\/\\\/www.vamosdelongevidade.com.br\\\/blog\\\/wp-content\\\/uploads\\\/2026\\\/02\\\/o-que-e-cortisol.jpg\",\"width\":1200,\"height\":824},{\"@type\":\"BreadcrumbList\",\"@id\":\"https:\\\/\\\/www.vamosdelongevidade.com.br\\\/blog\\\/cortisol-o-que-e-para-que-serve-e-como-impacta-a-longevidade\\\/#breadcrumb\",\"itemListElement\":[{\"@type\":\"ListItem\",\"position\":1,\"name\":\"In\u00edcio\",\"item\":\"https:\\\/\\\/www.vamosdelongevidade.com.br\\\/blog\\\/\"},{\"@type\":\"ListItem\",\"position\":2,\"name\":\"Cortisol: o que \u00e9, para que serve e como impacta a longevidade\"}]},{\"@type\":\"WebSite\",\"@id\":\"https:\\\/\\\/www.vamosdelongevidade.com.br\\\/blog\\\/#website\",\"url\":\"https:\\\/\\\/www.vamosdelongevidade.com.br\\\/blog\\\/\",\"name\":\"Blog Vamos de Longevidade\",\"description\":\"Decida agora, comece hoje\",\"publisher\":{\"@id\":\"https:\\\/\\\/www.vamosdelongevidade.com.br\\\/blog\\\/#organization\"},\"potentialAction\":[{\"@type\":\"SearchAction\",\"target\":{\"@type\":\"EntryPoint\",\"urlTemplate\":\"https:\\\/\\\/www.vamosdelongevidade.com.br\\\/blog\\\/?s={search_term_string}\"},\"query-input\":{\"@type\":\"PropertyValueSpecification\",\"valueRequired\":true,\"valueName\":\"search_term_string\"}}],\"inLanguage\":\"pt-BR\"},{\"@type\":\"Organization\",\"@id\":\"https:\\\/\\\/www.vamosdelongevidade.com.br\\\/blog\\\/#organization\",\"name\":\"Blog Vamos de Longevidade\",\"url\":\"https:\\\/\\\/www.vamosdelongevidade.com.br\\\/blog\\\/\",\"logo\":{\"@type\":\"ImageObject\",\"inLanguage\":\"pt-BR\",\"@id\":\"https:\\\/\\\/www.vamosdelongevidade.com.br\\\/blog\\\/#\\\/schema\\\/logo\\\/image\\\/\",\"url\":\"https:\\\/\\\/www.vamosdelongevidade.com.br\\\/blog\\\/wp-content\\\/uploads\\\/2026\\\/02\\\/logo-vdl.png\",\"contentUrl\":\"https:\\\/\\\/www.vamosdelongevidade.com.br\\\/blog\\\/wp-content\\\/uploads\\\/2026\\\/02\\\/logo-vdl.png\",\"width\":768,\"height\":298,\"caption\":\"Blog Vamos de Longevidade\"},\"image\":{\"@id\":\"https:\\\/\\\/www.vamosdelongevidade.com.br\\\/blog\\\/#\\\/schema\\\/logo\\\/image\\\/\"},\"sameAs\":[\"https:\\\/\\\/www.facebook.com\\\/vamosdelongevidade\",\"https:\\\/\\\/x.com\\\/VDLongevidade\",\"https:\\\/\\\/www.instagram.com\\\/vamosdelongevidade\",\"https:\\\/\\\/www.youtube.com\\\/@vamosdelongevidade\",\"https:\\\/\\\/www.tiktok.com\\\/@vamosdelongevidade\",\"https:\\\/\\\/br.pinterest.com\\\/vamosdelongevidade\"]},{\"@type\":\"Person\",\"@id\":\"https:\\\/\\\/www.vamosdelongevidade.com.br\\\/blog\\\/#\\\/schema\\\/person\\\/e363044733616a3342ddb2ff2f367db4\",\"name\":\"Priscila Diana\",\"image\":{\"@type\":\"ImageObject\",\"inLanguage\":\"pt-BR\",\"@id\":\"https:\\\/\\\/www.vamosdelongevidade.com.br\\\/blog\\\/wp-content\\\/uploads\\\/2026\\\/04\\\/priscila-diana.jpg\",\"url\":\"https:\\\/\\\/www.vamosdelongevidade.com.br\\\/blog\\\/wp-content\\\/uploads\\\/2026\\\/04\\\/priscila-diana.jpg\",\"contentUrl\":\"https:\\\/\\\/www.vamosdelongevidade.com.br\\\/blog\\\/wp-content\\\/uploads\\\/2026\\\/04\\\/priscila-diana.jpg\",\"caption\":\"Priscila Diana\"},\"description\":\"Formada em Recursos Humanos, com dois anos de atua\u00e7\u00e3o na \u00e1rea. Desde 2019, facilita processos terap\u00eauticos como Naturopata Hol\u00edstica, consolidando uma bagagem cl\u00ednica que une viv\u00eancia pr\u00e1tica a um m\u00e9todo educativo. P\u00f3s-graduanda em Psican\u00e1lise, Constela\u00e7\u00e3o Familiar e Terapias Naturais, \u00e9 Mestra Reiki e idealizadora do VDL. Sua miss\u00e3o \u00e9 tornar acess\u00edveis informa\u00e7\u00f5es e h\u00e1bitos di\u00e1rios que promovem longevidade e presen\u00e7a de forma hol\u00edstica.\",\"url\":\"https:\\\/\\\/www.vamosdelongevidade.com.br\\\/blog\\\/author\\\/prisciladiana\\\/\"}]}<\/script>\n<!-- \/ Yoast SEO plugin. -->","yoast_head_json":{"title":"Cortisol: o que \u00e9, para que serve e como impacta a longevidade - Blog Vamos de Longevidade","robots":{"index":"index","follow":"follow","max-snippet":"max-snippet:-1","max-image-preview":"max-image-preview:large","max-video-preview":"max-video-preview:-1"},"canonical":"https:\/\/www.vamosdelongevidade.com.br\/blog\/cortisol-o-que-e-para-que-serve-e-como-impacta-a-longevidade\/","og_locale":"pt_BR","og_type":"article","og_title":"Cortisol: o que \u00e9, para que serve e como impacta a longevidade - Blog Vamos de Longevidade","og_description":"O cortisol \u00e9 um horm\u00f4nio essencial para o funcionamento do corpo humano, mas tamb\u00e9m costuma ser associado ao estresse e ao desgaste f\u00edsico e emocional. Quando est\u00e1 em equil\u00edbrio, ele \u00e9 um grande aliado da sa\u00fade. Por\u00e9m, quando permanece elevado por longos per\u00edodos, pode comprometer a qualidade de vida e a longevidade. O que \u00e9 [&hellip;]","og_url":"https:\/\/www.vamosdelongevidade.com.br\/blog\/cortisol-o-que-e-para-que-serve-e-como-impacta-a-longevidade\/","og_site_name":"Blog Vamos de Longevidade","article_publisher":"https:\/\/www.facebook.com\/vamosdelongevidade","article_published_time":"2026-02-15T03:55:14+00:00","article_modified_time":"2026-04-07T13:56:26+00:00","og_image":[{"width":1200,"height":824,"url":"https:\/\/www.vamosdelongevidade.com.br\/blog\/wp-content\/uploads\/2026\/02\/o-que-e-cortisol.jpg","type":"image\/jpeg"}],"author":"Priscila Diana","twitter_card":"summary_large_image","twitter_creator":"@VDLongevidade","twitter_site":"@VDLongevidade","twitter_misc":{"Escrito por":"Priscila Diana","Est. tempo de leitura":"2 minutos"},"schema":{"@context":"https:\/\/schema.org","@graph":[{"@type":"Article","@id":"https:\/\/www.vamosdelongevidade.com.br\/blog\/cortisol-o-que-e-para-que-serve-e-como-impacta-a-longevidade\/#article","isPartOf":{"@id":"https:\/\/www.vamosdelongevidade.com.br\/blog\/cortisol-o-que-e-para-que-serve-e-como-impacta-a-longevidade\/"},"author":{"name":"Priscila Diana","@id":"https:\/\/www.vamosdelongevidade.com.br\/blog\/#\/schema\/person\/e363044733616a3342ddb2ff2f367db4"},"headline":"Cortisol: o que \u00e9, para que serve e como impacta a longevidade","datePublished":"2026-02-15T03:55:14+00:00","dateModified":"2026-04-07T13:56:26+00:00","mainEntityOfPage":{"@id":"https:\/\/www.vamosdelongevidade.com.br\/blog\/cortisol-o-que-e-para-que-serve-e-como-impacta-a-longevidade\/"},"wordCount":421,"commentCount":0,"publisher":{"@id":"https:\/\/www.vamosdelongevidade.com.br\/blog\/#organization"},"image":{"@id":"https:\/\/www.vamosdelongevidade.com.br\/blog\/cortisol-o-que-e-para-que-serve-e-como-impacta-a-longevidade\/#primaryimage"},"thumbnailUrl":"https:\/\/www.vamosdelongevidade.com.br\/blog\/wp-content\/uploads\/2026\/02\/o-que-e-cortisol.jpg","keywords":["horm\u00f4nio","longevidade"],"articleSection":["Vitaminas"],"inLanguage":"pt-BR","potentialAction":[{"@type":"CommentAction","name":"Comment","target":["https:\/\/www.vamosdelongevidade.com.br\/blog\/cortisol-o-que-e-para-que-serve-e-como-impacta-a-longevidade\/#respond"]}]},{"@type":"WebPage","@id":"https:\/\/www.vamosdelongevidade.com.br\/blog\/cortisol-o-que-e-para-que-serve-e-como-impacta-a-longevidade\/","url":"https:\/\/www.vamosdelongevidade.com.br\/blog\/cortisol-o-que-e-para-que-serve-e-como-impacta-a-longevidade\/","name":"Cortisol: o que \u00e9, para que serve e como impacta a longevidade - Blog Vamos de Longevidade","isPartOf":{"@id":"https:\/\/www.vamosdelongevidade.com.br\/blog\/#website"},"primaryImageOfPage":{"@id":"https:\/\/www.vamosdelongevidade.com.br\/blog\/cortisol-o-que-e-para-que-serve-e-como-impacta-a-longevidade\/#primaryimage"},"image":{"@id":"https:\/\/www.vamosdelongevidade.com.br\/blog\/cortisol-o-que-e-para-que-serve-e-como-impacta-a-longevidade\/#primaryimage"},"thumbnailUrl":"https:\/\/www.vamosdelongevidade.com.br\/blog\/wp-content\/uploads\/2026\/02\/o-que-e-cortisol.jpg","datePublished":"2026-02-15T03:55:14+00:00","dateModified":"2026-04-07T13:56:26+00:00","breadcrumb":{"@id":"https:\/\/www.vamosdelongevidade.com.br\/blog\/cortisol-o-que-e-para-que-serve-e-como-impacta-a-longevidade\/#breadcrumb"},"inLanguage":"pt-BR","potentialAction":[{"@type":"ReadAction","target":["https:\/\/www.vamosdelongevidade.com.br\/blog\/cortisol-o-que-e-para-que-serve-e-como-impacta-a-longevidade\/"]}]},{"@type":"ImageObject","inLanguage":"pt-BR","@id":"https:\/\/www.vamosdelongevidade.com.br\/blog\/cortisol-o-que-e-para-que-serve-e-como-impacta-a-longevidade\/#primaryimage","url":"https:\/\/www.vamosdelongevidade.com.br\/blog\/wp-content\/uploads\/2026\/02\/o-que-e-cortisol.jpg","contentUrl":"https:\/\/www.vamosdelongevidade.com.br\/blog\/wp-content\/uploads\/2026\/02\/o-que-e-cortisol.jpg","width":1200,"height":824},{"@type":"BreadcrumbList","@id":"https:\/\/www.vamosdelongevidade.com.br\/blog\/cortisol-o-que-e-para-que-serve-e-como-impacta-a-longevidade\/#breadcrumb","itemListElement":[{"@type":"ListItem","position":1,"name":"In\u00edcio","item":"https:\/\/www.vamosdelongevidade.com.br\/blog\/"},{"@type":"ListItem","position":2,"name":"Cortisol: o que \u00e9, para que serve e como impacta a longevidade"}]},{"@type":"WebSite","@id":"https:\/\/www.vamosdelongevidade.com.br\/blog\/#website","url":"https:\/\/www.vamosdelongevidade.com.br\/blog\/","name":"Blog Vamos de Longevidade","description":"Decida agora, comece hoje","publisher":{"@id":"https:\/\/www.vamosdelongevidade.com.br\/blog\/#organization"},"potentialAction":[{"@type":"SearchAction","target":{"@type":"EntryPoint","urlTemplate":"https:\/\/www.vamosdelongevidade.com.br\/blog\/?s={search_term_string}"},"query-input":{"@type":"PropertyValueSpecification","valueRequired":true,"valueName":"search_term_string"}}],"inLanguage":"pt-BR"},{"@type":"Organization","@id":"https:\/\/www.vamosdelongevidade.com.br\/blog\/#organization","name":"Blog Vamos de Longevidade","url":"https:\/\/www.vamosdelongevidade.com.br\/blog\/","logo":{"@type":"ImageObject","inLanguage":"pt-BR","@id":"https:\/\/www.vamosdelongevidade.com.br\/blog\/#\/schema\/logo\/image\/","url":"https:\/\/www.vamosdelongevidade.com.br\/blog\/wp-content\/uploads\/2026\/02\/logo-vdl.png","contentUrl":"https:\/\/www.vamosdelongevidade.com.br\/blog\/wp-content\/uploads\/2026\/02\/logo-vdl.png","width":768,"height":298,"caption":"Blog Vamos de Longevidade"},"image":{"@id":"https:\/\/www.vamosdelongevidade.com.br\/blog\/#\/schema\/logo\/image\/"},"sameAs":["https:\/\/www.facebook.com\/vamosdelongevidade","https:\/\/x.com\/VDLongevidade","https:\/\/www.instagram.com\/vamosdelongevidade","https:\/\/www.youtube.com\/@vamosdelongevidade","https:\/\/www.tiktok.com\/@vamosdelongevidade","https:\/\/br.pinterest.com\/vamosdelongevidade"]},{"@type":"Person","@id":"https:\/\/www.vamosdelongevidade.com.br\/blog\/#\/schema\/person\/e363044733616a3342ddb2ff2f367db4","name":"Priscila Diana","image":{"@type":"ImageObject","inLanguage":"pt-BR","@id":"https:\/\/www.vamosdelongevidade.com.br\/blog\/wp-content\/uploads\/2026\/04\/priscila-diana.jpg","url":"https:\/\/www.vamosdelongevidade.com.br\/blog\/wp-content\/uploads\/2026\/04\/priscila-diana.jpg","contentUrl":"https:\/\/www.vamosdelongevidade.com.br\/blog\/wp-content\/uploads\/2026\/04\/priscila-diana.jpg","caption":"Priscila Diana"},"description":"Formada em Recursos Humanos, com dois anos de atua\u00e7\u00e3o na \u00e1rea. Desde 2019, facilita processos terap\u00eauticos como Naturopata Hol\u00edstica, consolidando uma bagagem cl\u00ednica que une viv\u00eancia pr\u00e1tica a um m\u00e9todo educativo. P\u00f3s-graduanda em Psican\u00e1lise, Constela\u00e7\u00e3o Familiar e Terapias Naturais, \u00e9 Mestra Reiki e idealizadora do VDL. Sua miss\u00e3o \u00e9 tornar acess\u00edveis informa\u00e7\u00f5es e h\u00e1bitos di\u00e1rios que promovem longevidade e presen\u00e7a de forma hol\u00edstica.","url":"https:\/\/www.vamosdelongevidade.com.br\/blog\/author\/prisciladiana\/"}]}},"_links":{"self":[{"href":"https:\/\/www.vamosdelongevidade.com.br\/blog\/wp-json\/wp\/v2\/posts\/368","targetHints":{"allow":["GET"]}}],"collection":[{"href":"https:\/\/www.vamosdelongevidade.com.br\/blog\/wp-json\/wp\/v2\/posts"}],"about":[{"href":"https:\/\/www.vamosdelongevidade.com.br\/blog\/wp-json\/wp\/v2\/types\/post"}],"author":[{"embeddable":true,"href":"https:\/\/www.vamosdelongevidade.com.br\/blog\/wp-json\/wp\/v2\/users\/2"}],"replies":[{"embeddable":true,"href":"https:\/\/www.vamosdelongevidade.com.br\/blog\/wp-json\/wp\/v2\/comments?post=368"}],"version-history":[{"count":2,"href":"https:\/\/www.vamosdelongevidade.com.br\/blog\/wp-json\/wp\/v2\/posts\/368\/revisions"}],"predecessor-version":[{"id":371,"href":"https:\/\/www.vamosdelongevidade.com.br\/blog\/wp-json\/wp\/v2\/posts\/368\/revisions\/371"}],"wp:featuredmedia":[{"embeddable":true,"href":"https:\/\/www.vamosdelongevidade.com.br\/blog\/wp-json\/wp\/v2\/media\/369"}],"wp:attachment":[{"href":"https:\/\/www.vamosdelongevidade.com.br\/blog\/wp-json\/wp\/v2\/media?parent=368"}],"wp:term":[{"taxonomy":"category","embeddable":true,"href":"https:\/\/www.vamosdelongevidade.com.br\/blog\/wp-json\/wp\/v2\/categories?post=368"},{"taxonomy":"post_tag","embeddable":true,"href":"https:\/\/www.vamosdelongevidade.com.br\/blog\/wp-json\/wp\/v2\/tags?post=368"}],"curies":[{"name":"wp","href":"https:\/\/api.w.org\/{rel}","templated":true}]}}