{"id":360,"date":"2026-02-15T00:28:30","date_gmt":"2026-02-15T03:28:30","guid":{"rendered":"https:\/\/www.vamosdelongevidade.com.br\/blog\/?p=360"},"modified":"2026-04-02T12:13:34","modified_gmt":"2026-04-02T15:13:34","slug":"a-importancia-da-nova-nr-1-para-a-longevidade-no-trabalho","status":"publish","type":"post","link":"https:\/\/www.vamosdelongevidade.com.br\/blog\/a-importancia-da-nova-nr-1-para-a-longevidade-no-trabalho\/","title":{"rendered":"A import\u00e2ncia da nova NR-1 para a longevidade no trabalho"},"content":{"rendered":"\n<p>A atualiza\u00e7\u00e3o da <strong>Norma Regulamentadora n\u00ba 1 (NR-1)<\/strong> representa um marco importante para a sa\u00fade, a seguran\u00e7a e a <strong>longevidade dos trabalhadores<\/strong> no Brasil. Mais do que cumprir exig\u00eancias legais, a nova NR-1 prop\u00f5e uma mudan\u00e7a de mentalidade: sair da preven\u00e7\u00e3o reativa e avan\u00e7ar para uma <strong>gest\u00e3o cont\u00ednua de riscos<\/strong>, com foco no bem-estar a longo prazo.<\/p>\n\n\n\n<h2 class=\"wp-block-heading\">O que mudou na NR-1?<\/h2>\n\n\n\n<p>A NR-1 passou a consolidar as <strong>Disposi\u00e7\u00f5es Gerais e o Gerenciamento de Riscos Ocupacionais (GRO)<\/strong>, tornando obrigat\u00f3rio que as empresas adotem uma abordagem estruturada para identificar, avaliar e controlar riscos no ambiente de trabalho.<\/p>\n\n\n\n<p>Entre os principais avan\u00e7os est\u00e3o:<\/p>\n\n\n\n<ul class=\"wp-block-list\">\n<li>Implementa\u00e7\u00e3o do <strong>Programa de Gerenciamento de Riscos (PGR)<\/strong><\/li>\n\n\n\n<li>Vis\u00e3o preventiva e cont\u00ednua dos riscos ocupacionais<\/li>\n\n\n\n<li>Integra\u00e7\u00e3o entre seguran\u00e7a, sa\u00fade f\u00edsica e sa\u00fade mental<\/li>\n\n\n\n<li>Maior responsabilidade da gest\u00e3o sobre o ambiente de trabalho<\/li>\n<\/ul>\n\n\n\n<p>Essa mudan\u00e7a coloca o trabalhador no centro das decis\u00f5es organizacionais.<\/p>\n\n\n\n<h2 class=\"wp-block-heading\">NR-1 e longevidade: qual \u00e9 a rela\u00e7\u00e3o?<\/h2>\n\n\n\n<p>A longevidade no trabalho n\u00e3o est\u00e1 ligada apenas a viver mais, mas a <strong>trabalhar melhor, por mais tempo e com qualidade de vida<\/strong>. A nova NR-1 contribui diretamente para isso ao:<\/p>\n\n\n\n<h2 class=\"wp-block-heading\">1. Reduzir adoecimentos f\u00edsicos e mentais<\/h2>\n\n\n\n<p>Ao mapear riscos ergon\u00f4micos, psicossociais e operacionais, a norma ajuda a prevenir doen\u00e7as ocupacionais, afastamentos e desgaste precoce.<\/p>\n\n\n\n<h2 class=\"wp-block-heading\">2. Promover ambientes mais saud\u00e1veis<\/h2>\n\n\n\n<p>Ambientes seguros, organizados e humanizados favorecem o equil\u00edbrio emocional, a produtividade sustent\u00e1vel e a perman\u00eancia saud\u00e1vel do trabalhador ao longo dos anos.<\/p>\n\n\n\n<h2 class=\"wp-block-heading\">3. Incentivar a cultura da preven\u00e7\u00e3o<\/h2>\n\n\n\n<p>A NR-1 estimula empresas e colaboradores a adotarem uma postura preventiva, reduzindo acidentes e impactos cumulativos que comprometem a sa\u00fade a longo prazo.<\/p>\n\n\n\n<h2 class=\"wp-block-heading\">4. Apoiar carreiras mais longas e sustent\u00e1veis<\/h2>\n\n\n\n<p>Com menos riscos e mais cuidado, os profissionais conseguem manter desempenho, motiva\u00e7\u00e3o e sa\u00fade ao longo de toda a vida laboral.<\/p>\n\n\n\n<h5 class=\"wp-block-heading\">Benef\u00edcios tamb\u00e9m para as empresas<\/h5>\n\n\n\n<p>Investir na aplica\u00e7\u00e3o correta da NR-1 n\u00e3o \u00e9 apenas uma obriga\u00e7\u00e3o legal, mas uma <strong>estrat\u00e9gia inteligente de gest\u00e3o<\/strong>. Entre os benef\u00edcios est\u00e3o:<\/p>\n\n\n\n<ul class=\"wp-block-list\">\n<li>Redu\u00e7\u00e3o de custos com afastamentos e indeniza\u00e7\u00f5es<\/li>\n\n\n\n<li>Aumento da produtividade e do engajamento<\/li>\n\n\n\n<li>Melhoria do clima organizacional<\/li>\n\n\n\n<li>Fortalecimento da imagem institucional<\/li>\n\n\n\n<li>Sustentabilidade do neg\u00f3cio no longo prazo<\/li>\n<\/ul>\n\n\n\n<p>Empresas que cuidam das pessoas tendem a crescer de forma mais s\u00f3lida.<\/p>\n\n\n\n<h6 class=\"wp-block-heading\">Conclus\u00e3o<\/h6>\n\n\n\n<p>A nova NR-1 vai al\u00e9m da seguran\u00e7a do trabalho tradicional. Ela promove uma vis\u00e3o integrada de sa\u00fade, preven\u00e7\u00e3o e <strong>longevidade profissional<\/strong>, beneficiando trabalhadores e empresas. Ao investir em ambientes mais seguros e humanos, constr\u00f3i-se n\u00e3o apenas conformidade legal, mas um futuro com mais qualidade de vida, produtividade e sustentabilidade.<\/p>\n","protected":false},"excerpt":{"rendered":"<p>A atualiza\u00e7\u00e3o da Norma Regulamentadora n\u00ba 1 (NR-1) representa um marco importante para a sa\u00fade, a seguran\u00e7a e a longevidade dos trabalhadores no Brasil. Mais do que cumprir exig\u00eancias legais, a nova NR-1 prop\u00f5e uma mudan\u00e7a de mentalidade: sair da preven\u00e7\u00e3o reativa e avan\u00e7ar para uma gest\u00e3o cont\u00ednua de riscos, com foco no bem-estar a [&hellip;]<\/p>\n","protected":false},"author":2,"featured_media":362,"comment_status":"open","ping_status":"open","sticky":false,"template":"","format":"standard","meta":{"destaque":"sim","footnotes":""},"categories":[63],"tags":[27],"class_list":["post-360","post","type-post","status-publish","format-standard","has-post-thumbnail","hentry","category-nr-1","tag-nr1"],"yoast_head":"<!-- This site is optimized with the Yoast SEO plugin v27.3 - https:\/\/yoast.com\/product\/yoast-seo-wordpress\/ -->\n<title>A import\u00e2ncia da nova NR-1 para a longevidade no trabalho - Blog Vamos de Longevidade<\/title>\n<meta name=\"robots\" content=\"index, follow, max-snippet:-1, max-image-preview:large, max-video-preview:-1\" \/>\n<link rel=\"canonical\" href=\"https:\/\/www.vamosdelongevidade.com.br\/blog\/a-importancia-da-nova-nr-1-para-a-longevidade-no-trabalho\/\" \/>\n<meta property=\"og:locale\" content=\"pt_BR\" \/>\n<meta property=\"og:type\" content=\"article\" \/>\n<meta property=\"og:title\" content=\"A import\u00e2ncia da nova NR-1 para a longevidade no trabalho - Blog Vamos de Longevidade\" \/>\n<meta property=\"og:description\" content=\"A atualiza\u00e7\u00e3o da Norma Regulamentadora n\u00ba 1 (NR-1) representa um marco importante para a sa\u00fade, a seguran\u00e7a e a longevidade dos trabalhadores no Brasil. Mais do que cumprir exig\u00eancias legais, a nova NR-1 prop\u00f5e uma mudan\u00e7a de mentalidade: sair da preven\u00e7\u00e3o reativa e avan\u00e7ar para uma gest\u00e3o cont\u00ednua de riscos, com foco no bem-estar a [&hellip;]\" \/>\n<meta property=\"og:url\" content=\"https:\/\/www.vamosdelongevidade.com.br\/blog\/a-importancia-da-nova-nr-1-para-a-longevidade-no-trabalho\/\" \/>\n<meta property=\"og:site_name\" content=\"Blog Vamos de Longevidade\" \/>\n<meta property=\"article:publisher\" content=\"https:\/\/www.facebook.com\/vamosdelongevidade\" \/>\n<meta property=\"article:published_time\" content=\"2026-02-15T03:28:30+00:00\" \/>\n<meta property=\"article:modified_time\" content=\"2026-04-02T15:13:34+00:00\" \/>\n<meta property=\"og:image\" content=\"https:\/\/www.vamosdelongevidade.com.br\/blog\/wp-content\/uploads\/2026\/02\/a-importancia-da-nova-nr-1-para-a-longevidade-no-.jpg\" \/>\n\t<meta property=\"og:image:width\" content=\"1200\" \/>\n\t<meta property=\"og:image:height\" content=\"800\" \/>\n\t<meta property=\"og:image:type\" content=\"image\/jpeg\" \/>\n<meta name=\"author\" content=\"Priscila Diana\" \/>\n<meta name=\"twitter:card\" content=\"summary_large_image\" \/>\n<meta name=\"twitter:creator\" content=\"@VDLongevidade\" \/>\n<meta name=\"twitter:site\" content=\"@VDLongevidade\" \/>\n<meta name=\"twitter:label1\" content=\"Escrito por\" \/>\n\t<meta name=\"twitter:data1\" content=\"Priscila Diana\" \/>\n\t<meta name=\"twitter:label2\" content=\"Est. tempo de leitura\" \/>\n\t<meta name=\"twitter:data2\" content=\"2 minutos\" \/>\n<script type=\"application\/ld+json\" class=\"yoast-schema-graph\">{\"@context\":\"https:\\\/\\\/schema.org\",\"@graph\":[{\"@type\":\"Article\",\"@id\":\"https:\\\/\\\/www.vamosdelongevidade.com.br\\\/blog\\\/a-importancia-da-nova-nr-1-para-a-longevidade-no-trabalho\\\/#article\",\"isPartOf\":{\"@id\":\"https:\\\/\\\/www.vamosdelongevidade.com.br\\\/blog\\\/a-importancia-da-nova-nr-1-para-a-longevidade-no-trabalho\\\/\"},\"author\":{\"name\":\"Priscila Diana\",\"@id\":\"https:\\\/\\\/www.vamosdelongevidade.com.br\\\/blog\\\/#\\\/schema\\\/person\\\/e363044733616a3342ddb2ff2f367db4\"},\"headline\":\"A import\u00e2ncia da nova NR-1 para a longevidade no trabalho\",\"datePublished\":\"2026-02-15T03:28:30+00:00\",\"dateModified\":\"2026-04-02T15:13:34+00:00\",\"mainEntityOfPage\":{\"@id\":\"https:\\\/\\\/www.vamosdelongevidade.com.br\\\/blog\\\/a-importancia-da-nova-nr-1-para-a-longevidade-no-trabalho\\\/\"},\"wordCount\":470,\"commentCount\":0,\"publisher\":{\"@id\":\"https:\\\/\\\/www.vamosdelongevidade.com.br\\\/blog\\\/#organization\"},\"image\":{\"@id\":\"https:\\\/\\\/www.vamosdelongevidade.com.br\\\/blog\\\/a-importancia-da-nova-nr-1-para-a-longevidade-no-trabalho\\\/#primaryimage\"},\"thumbnailUrl\":\"https:\\\/\\\/www.vamosdelongevidade.com.br\\\/blog\\\/wp-content\\\/uploads\\\/2026\\\/02\\\/a-importancia-da-nova-nr-1-para-a-longevidade-no-.jpg\",\"keywords\":[\"nr1\"],\"articleSection\":[\"NR-1\"],\"inLanguage\":\"pt-BR\",\"potentialAction\":[{\"@type\":\"CommentAction\",\"name\":\"Comment\",\"target\":[\"https:\\\/\\\/www.vamosdelongevidade.com.br\\\/blog\\\/a-importancia-da-nova-nr-1-para-a-longevidade-no-trabalho\\\/#respond\"]}]},{\"@type\":\"WebPage\",\"@id\":\"https:\\\/\\\/www.vamosdelongevidade.com.br\\\/blog\\\/a-importancia-da-nova-nr-1-para-a-longevidade-no-trabalho\\\/\",\"url\":\"https:\\\/\\\/www.vamosdelongevidade.com.br\\\/blog\\\/a-importancia-da-nova-nr-1-para-a-longevidade-no-trabalho\\\/\",\"name\":\"A import\u00e2ncia da nova NR-1 para a longevidade no trabalho - Blog Vamos de Longevidade\",\"isPartOf\":{\"@id\":\"https:\\\/\\\/www.vamosdelongevidade.com.br\\\/blog\\\/#website\"},\"primaryImageOfPage\":{\"@id\":\"https:\\\/\\\/www.vamosdelongevidade.com.br\\\/blog\\\/a-importancia-da-nova-nr-1-para-a-longevidade-no-trabalho\\\/#primaryimage\"},\"image\":{\"@id\":\"https:\\\/\\\/www.vamosdelongevidade.com.br\\\/blog\\\/a-importancia-da-nova-nr-1-para-a-longevidade-no-trabalho\\\/#primaryimage\"},\"thumbnailUrl\":\"https:\\\/\\\/www.vamosdelongevidade.com.br\\\/blog\\\/wp-content\\\/uploads\\\/2026\\\/02\\\/a-importancia-da-nova-nr-1-para-a-longevidade-no-.jpg\",\"datePublished\":\"2026-02-15T03:28:30+00:00\",\"dateModified\":\"2026-04-02T15:13:34+00:00\",\"breadcrumb\":{\"@id\":\"https:\\\/\\\/www.vamosdelongevidade.com.br\\\/blog\\\/a-importancia-da-nova-nr-1-para-a-longevidade-no-trabalho\\\/#breadcrumb\"},\"inLanguage\":\"pt-BR\",\"potentialAction\":[{\"@type\":\"ReadAction\",\"target\":[\"https:\\\/\\\/www.vamosdelongevidade.com.br\\\/blog\\\/a-importancia-da-nova-nr-1-para-a-longevidade-no-trabalho\\\/\"]}]},{\"@type\":\"ImageObject\",\"inLanguage\":\"pt-BR\",\"@id\":\"https:\\\/\\\/www.vamosdelongevidade.com.br\\\/blog\\\/a-importancia-da-nova-nr-1-para-a-longevidade-no-trabalho\\\/#primaryimage\",\"url\":\"https:\\\/\\\/www.vamosdelongevidade.com.br\\\/blog\\\/wp-content\\\/uploads\\\/2026\\\/02\\\/a-importancia-da-nova-nr-1-para-a-longevidade-no-.jpg\",\"contentUrl\":\"https:\\\/\\\/www.vamosdelongevidade.com.br\\\/blog\\\/wp-content\\\/uploads\\\/2026\\\/02\\\/a-importancia-da-nova-nr-1-para-a-longevidade-no-.jpg\",\"width\":1200,\"height\":800},{\"@type\":\"BreadcrumbList\",\"@id\":\"https:\\\/\\\/www.vamosdelongevidade.com.br\\\/blog\\\/a-importancia-da-nova-nr-1-para-a-longevidade-no-trabalho\\\/#breadcrumb\",\"itemListElement\":[{\"@type\":\"ListItem\",\"position\":1,\"name\":\"In\u00edcio\",\"item\":\"https:\\\/\\\/www.vamosdelongevidade.com.br\\\/blog\\\/\"},{\"@type\":\"ListItem\",\"position\":2,\"name\":\"A import\u00e2ncia da nova NR-1 para a longevidade no trabalho\"}]},{\"@type\":\"WebSite\",\"@id\":\"https:\\\/\\\/www.vamosdelongevidade.com.br\\\/blog\\\/#website\",\"url\":\"https:\\\/\\\/www.vamosdelongevidade.com.br\\\/blog\\\/\",\"name\":\"Blog Vamos de Longevidade\",\"description\":\"Decida agora, comece hoje\",\"publisher\":{\"@id\":\"https:\\\/\\\/www.vamosdelongevidade.com.br\\\/blog\\\/#organization\"},\"potentialAction\":[{\"@type\":\"SearchAction\",\"target\":{\"@type\":\"EntryPoint\",\"urlTemplate\":\"https:\\\/\\\/www.vamosdelongevidade.com.br\\\/blog\\\/?s={search_term_string}\"},\"query-input\":{\"@type\":\"PropertyValueSpecification\",\"valueRequired\":true,\"valueName\":\"search_term_string\"}}],\"inLanguage\":\"pt-BR\"},{\"@type\":\"Organization\",\"@id\":\"https:\\\/\\\/www.vamosdelongevidade.com.br\\\/blog\\\/#organization\",\"name\":\"Blog Vamos de Longevidade\",\"url\":\"https:\\\/\\\/www.vamosdelongevidade.com.br\\\/blog\\\/\",\"logo\":{\"@type\":\"ImageObject\",\"inLanguage\":\"pt-BR\",\"@id\":\"https:\\\/\\\/www.vamosdelongevidade.com.br\\\/blog\\\/#\\\/schema\\\/logo\\\/image\\\/\",\"url\":\"https:\\\/\\\/www.vamosdelongevidade.com.br\\\/blog\\\/wp-content\\\/uploads\\\/2026\\\/02\\\/logo-vdl.png\",\"contentUrl\":\"https:\\\/\\\/www.vamosdelongevidade.com.br\\\/blog\\\/wp-content\\\/uploads\\\/2026\\\/02\\\/logo-vdl.png\",\"width\":768,\"height\":298,\"caption\":\"Blog Vamos de Longevidade\"},\"image\":{\"@id\":\"https:\\\/\\\/www.vamosdelongevidade.com.br\\\/blog\\\/#\\\/schema\\\/logo\\\/image\\\/\"},\"sameAs\":[\"https:\\\/\\\/www.facebook.com\\\/vamosdelongevidade\",\"https:\\\/\\\/x.com\\\/VDLongevidade\",\"https:\\\/\\\/www.instagram.com\\\/vamosdelongevidade\",\"https:\\\/\\\/www.youtube.com\\\/@vamosdelongevidade\",\"https:\\\/\\\/www.tiktok.com\\\/@vamosdelongevidade\",\"https:\\\/\\\/br.pinterest.com\\\/vamosdelongevidade\"]},{\"@type\":\"Person\",\"@id\":\"https:\\\/\\\/www.vamosdelongevidade.com.br\\\/blog\\\/#\\\/schema\\\/person\\\/e363044733616a3342ddb2ff2f367db4\",\"name\":\"Priscila Diana\",\"image\":{\"@type\":\"ImageObject\",\"inLanguage\":\"pt-BR\",\"@id\":\"https:\\\/\\\/www.vamosdelongevidade.com.br\\\/blog\\\/wp-content\\\/uploads\\\/2026\\\/04\\\/priscila-diana.jpg\",\"url\":\"https:\\\/\\\/www.vamosdelongevidade.com.br\\\/blog\\\/wp-content\\\/uploads\\\/2026\\\/04\\\/priscila-diana.jpg\",\"contentUrl\":\"https:\\\/\\\/www.vamosdelongevidade.com.br\\\/blog\\\/wp-content\\\/uploads\\\/2026\\\/04\\\/priscila-diana.jpg\",\"caption\":\"Priscila Diana\"},\"description\":\"Formada em Recursos Humanos, com dois anos de atua\u00e7\u00e3o na \u00e1rea. Desde 2019, facilita processos terap\u00eauticos como Naturopata Hol\u00edstica, consolidando uma bagagem cl\u00ednica que une viv\u00eancia pr\u00e1tica a um m\u00e9todo educativo. P\u00f3s-graduanda em Psican\u00e1lise, Constela\u00e7\u00e3o Familiar e Terapias Naturais, \u00e9 Mestra Reiki e idealizadora do VDL. Sua miss\u00e3o \u00e9 tornar acess\u00edveis informa\u00e7\u00f5es e h\u00e1bitos di\u00e1rios que promovem longevidade e presen\u00e7a de forma hol\u00edstica.\",\"url\":\"https:\\\/\\\/www.vamosdelongevidade.com.br\\\/blog\\\/author\\\/prisciladiana\\\/\"}]}<\/script>\n<!-- \/ Yoast SEO plugin. -->","yoast_head_json":{"title":"A import\u00e2ncia da nova NR-1 para a longevidade no trabalho - Blog Vamos de Longevidade","robots":{"index":"index","follow":"follow","max-snippet":"max-snippet:-1","max-image-preview":"max-image-preview:large","max-video-preview":"max-video-preview:-1"},"canonical":"https:\/\/www.vamosdelongevidade.com.br\/blog\/a-importancia-da-nova-nr-1-para-a-longevidade-no-trabalho\/","og_locale":"pt_BR","og_type":"article","og_title":"A import\u00e2ncia da nova NR-1 para a longevidade no trabalho - Blog Vamos de Longevidade","og_description":"A atualiza\u00e7\u00e3o da Norma Regulamentadora n\u00ba 1 (NR-1) representa um marco importante para a sa\u00fade, a seguran\u00e7a e a longevidade dos trabalhadores no Brasil. Mais do que cumprir exig\u00eancias legais, a nova NR-1 prop\u00f5e uma mudan\u00e7a de mentalidade: sair da preven\u00e7\u00e3o reativa e avan\u00e7ar para uma gest\u00e3o cont\u00ednua de riscos, com foco no bem-estar a [&hellip;]","og_url":"https:\/\/www.vamosdelongevidade.com.br\/blog\/a-importancia-da-nova-nr-1-para-a-longevidade-no-trabalho\/","og_site_name":"Blog Vamos de Longevidade","article_publisher":"https:\/\/www.facebook.com\/vamosdelongevidade","article_published_time":"2026-02-15T03:28:30+00:00","article_modified_time":"2026-04-02T15:13:34+00:00","og_image":[{"width":1200,"height":800,"url":"https:\/\/www.vamosdelongevidade.com.br\/blog\/wp-content\/uploads\/2026\/02\/a-importancia-da-nova-nr-1-para-a-longevidade-no-.jpg","type":"image\/jpeg"}],"author":"Priscila Diana","twitter_card":"summary_large_image","twitter_creator":"@VDLongevidade","twitter_site":"@VDLongevidade","twitter_misc":{"Escrito por":"Priscila Diana","Est. tempo de leitura":"2 minutos"},"schema":{"@context":"https:\/\/schema.org","@graph":[{"@type":"Article","@id":"https:\/\/www.vamosdelongevidade.com.br\/blog\/a-importancia-da-nova-nr-1-para-a-longevidade-no-trabalho\/#article","isPartOf":{"@id":"https:\/\/www.vamosdelongevidade.com.br\/blog\/a-importancia-da-nova-nr-1-para-a-longevidade-no-trabalho\/"},"author":{"name":"Priscila Diana","@id":"https:\/\/www.vamosdelongevidade.com.br\/blog\/#\/schema\/person\/e363044733616a3342ddb2ff2f367db4"},"headline":"A import\u00e2ncia da nova NR-1 para a longevidade no trabalho","datePublished":"2026-02-15T03:28:30+00:00","dateModified":"2026-04-02T15:13:34+00:00","mainEntityOfPage":{"@id":"https:\/\/www.vamosdelongevidade.com.br\/blog\/a-importancia-da-nova-nr-1-para-a-longevidade-no-trabalho\/"},"wordCount":470,"commentCount":0,"publisher":{"@id":"https:\/\/www.vamosdelongevidade.com.br\/blog\/#organization"},"image":{"@id":"https:\/\/www.vamosdelongevidade.com.br\/blog\/a-importancia-da-nova-nr-1-para-a-longevidade-no-trabalho\/#primaryimage"},"thumbnailUrl":"https:\/\/www.vamosdelongevidade.com.br\/blog\/wp-content\/uploads\/2026\/02\/a-importancia-da-nova-nr-1-para-a-longevidade-no-.jpg","keywords":["nr1"],"articleSection":["NR-1"],"inLanguage":"pt-BR","potentialAction":[{"@type":"CommentAction","name":"Comment","target":["https:\/\/www.vamosdelongevidade.com.br\/blog\/a-importancia-da-nova-nr-1-para-a-longevidade-no-trabalho\/#respond"]}]},{"@type":"WebPage","@id":"https:\/\/www.vamosdelongevidade.com.br\/blog\/a-importancia-da-nova-nr-1-para-a-longevidade-no-trabalho\/","url":"https:\/\/www.vamosdelongevidade.com.br\/blog\/a-importancia-da-nova-nr-1-para-a-longevidade-no-trabalho\/","name":"A import\u00e2ncia da nova NR-1 para a longevidade no trabalho - Blog Vamos de Longevidade","isPartOf":{"@id":"https:\/\/www.vamosdelongevidade.com.br\/blog\/#website"},"primaryImageOfPage":{"@id":"https:\/\/www.vamosdelongevidade.com.br\/blog\/a-importancia-da-nova-nr-1-para-a-longevidade-no-trabalho\/#primaryimage"},"image":{"@id":"https:\/\/www.vamosdelongevidade.com.br\/blog\/a-importancia-da-nova-nr-1-para-a-longevidade-no-trabalho\/#primaryimage"},"thumbnailUrl":"https:\/\/www.vamosdelongevidade.com.br\/blog\/wp-content\/uploads\/2026\/02\/a-importancia-da-nova-nr-1-para-a-longevidade-no-.jpg","datePublished":"2026-02-15T03:28:30+00:00","dateModified":"2026-04-02T15:13:34+00:00","breadcrumb":{"@id":"https:\/\/www.vamosdelongevidade.com.br\/blog\/a-importancia-da-nova-nr-1-para-a-longevidade-no-trabalho\/#breadcrumb"},"inLanguage":"pt-BR","potentialAction":[{"@type":"ReadAction","target":["https:\/\/www.vamosdelongevidade.com.br\/blog\/a-importancia-da-nova-nr-1-para-a-longevidade-no-trabalho\/"]}]},{"@type":"ImageObject","inLanguage":"pt-BR","@id":"https:\/\/www.vamosdelongevidade.com.br\/blog\/a-importancia-da-nova-nr-1-para-a-longevidade-no-trabalho\/#primaryimage","url":"https:\/\/www.vamosdelongevidade.com.br\/blog\/wp-content\/uploads\/2026\/02\/a-importancia-da-nova-nr-1-para-a-longevidade-no-.jpg","contentUrl":"https:\/\/www.vamosdelongevidade.com.br\/blog\/wp-content\/uploads\/2026\/02\/a-importancia-da-nova-nr-1-para-a-longevidade-no-.jpg","width":1200,"height":800},{"@type":"BreadcrumbList","@id":"https:\/\/www.vamosdelongevidade.com.br\/blog\/a-importancia-da-nova-nr-1-para-a-longevidade-no-trabalho\/#breadcrumb","itemListElement":[{"@type":"ListItem","position":1,"name":"In\u00edcio","item":"https:\/\/www.vamosdelongevidade.com.br\/blog\/"},{"@type":"ListItem","position":2,"name":"A import\u00e2ncia da nova NR-1 para a longevidade no trabalho"}]},{"@type":"WebSite","@id":"https:\/\/www.vamosdelongevidade.com.br\/blog\/#website","url":"https:\/\/www.vamosdelongevidade.com.br\/blog\/","name":"Blog Vamos de Longevidade","description":"Decida agora, comece hoje","publisher":{"@id":"https:\/\/www.vamosdelongevidade.com.br\/blog\/#organization"},"potentialAction":[{"@type":"SearchAction","target":{"@type":"EntryPoint","urlTemplate":"https:\/\/www.vamosdelongevidade.com.br\/blog\/?s={search_term_string}"},"query-input":{"@type":"PropertyValueSpecification","valueRequired":true,"valueName":"search_term_string"}}],"inLanguage":"pt-BR"},{"@type":"Organization","@id":"https:\/\/www.vamosdelongevidade.com.br\/blog\/#organization","name":"Blog Vamos de Longevidade","url":"https:\/\/www.vamosdelongevidade.com.br\/blog\/","logo":{"@type":"ImageObject","inLanguage":"pt-BR","@id":"https:\/\/www.vamosdelongevidade.com.br\/blog\/#\/schema\/logo\/image\/","url":"https:\/\/www.vamosdelongevidade.com.br\/blog\/wp-content\/uploads\/2026\/02\/logo-vdl.png","contentUrl":"https:\/\/www.vamosdelongevidade.com.br\/blog\/wp-content\/uploads\/2026\/02\/logo-vdl.png","width":768,"height":298,"caption":"Blog Vamos de Longevidade"},"image":{"@id":"https:\/\/www.vamosdelongevidade.com.br\/blog\/#\/schema\/logo\/image\/"},"sameAs":["https:\/\/www.facebook.com\/vamosdelongevidade","https:\/\/x.com\/VDLongevidade","https:\/\/www.instagram.com\/vamosdelongevidade","https:\/\/www.youtube.com\/@vamosdelongevidade","https:\/\/www.tiktok.com\/@vamosdelongevidade","https:\/\/br.pinterest.com\/vamosdelongevidade"]},{"@type":"Person","@id":"https:\/\/www.vamosdelongevidade.com.br\/blog\/#\/schema\/person\/e363044733616a3342ddb2ff2f367db4","name":"Priscila Diana","image":{"@type":"ImageObject","inLanguage":"pt-BR","@id":"https:\/\/www.vamosdelongevidade.com.br\/blog\/wp-content\/uploads\/2026\/04\/priscila-diana.jpg","url":"https:\/\/www.vamosdelongevidade.com.br\/blog\/wp-content\/uploads\/2026\/04\/priscila-diana.jpg","contentUrl":"https:\/\/www.vamosdelongevidade.com.br\/blog\/wp-content\/uploads\/2026\/04\/priscila-diana.jpg","caption":"Priscila Diana"},"description":"Formada em Recursos Humanos, com dois anos de atua\u00e7\u00e3o na \u00e1rea. Desde 2019, facilita processos terap\u00eauticos como Naturopata Hol\u00edstica, consolidando uma bagagem cl\u00ednica que une viv\u00eancia pr\u00e1tica a um m\u00e9todo educativo. P\u00f3s-graduanda em Psican\u00e1lise, Constela\u00e7\u00e3o Familiar e Terapias Naturais, \u00e9 Mestra Reiki e idealizadora do VDL. Sua miss\u00e3o \u00e9 tornar acess\u00edveis informa\u00e7\u00f5es e h\u00e1bitos di\u00e1rios que promovem longevidade e presen\u00e7a de forma hol\u00edstica.","url":"https:\/\/www.vamosdelongevidade.com.br\/blog\/author\/prisciladiana\/"}]}},"_links":{"self":[{"href":"https:\/\/www.vamosdelongevidade.com.br\/blog\/wp-json\/wp\/v2\/posts\/360","targetHints":{"allow":["GET"]}}],"collection":[{"href":"https:\/\/www.vamosdelongevidade.com.br\/blog\/wp-json\/wp\/v2\/posts"}],"about":[{"href":"https:\/\/www.vamosdelongevidade.com.br\/blog\/wp-json\/wp\/v2\/types\/post"}],"author":[{"embeddable":true,"href":"https:\/\/www.vamosdelongevidade.com.br\/blog\/wp-json\/wp\/v2\/users\/2"}],"replies":[{"embeddable":true,"href":"https:\/\/www.vamosdelongevidade.com.br\/blog\/wp-json\/wp\/v2\/comments?post=360"}],"version-history":[{"count":4,"href":"https:\/\/www.vamosdelongevidade.com.br\/blog\/wp-json\/wp\/v2\/posts\/360\/revisions"}],"predecessor-version":[{"id":367,"href":"https:\/\/www.vamosdelongevidade.com.br\/blog\/wp-json\/wp\/v2\/posts\/360\/revisions\/367"}],"wp:featuredmedia":[{"embeddable":true,"href":"https:\/\/www.vamosdelongevidade.com.br\/blog\/wp-json\/wp\/v2\/media\/362"}],"wp:attachment":[{"href":"https:\/\/www.vamosdelongevidade.com.br\/blog\/wp-json\/wp\/v2\/media?parent=360"}],"wp:term":[{"taxonomy":"category","embeddable":true,"href":"https:\/\/www.vamosdelongevidade.com.br\/blog\/wp-json\/wp\/v2\/categories?post=360"},{"taxonomy":"post_tag","embeddable":true,"href":"https:\/\/www.vamosdelongevidade.com.br\/blog\/wp-json\/wp\/v2\/tags?post=360"}],"curies":[{"name":"wp","href":"https:\/\/api.w.org\/{rel}","templated":true}]}}