{"id":274,"date":"2026-02-14T22:06:54","date_gmt":"2026-02-15T01:06:54","guid":{"rendered":"https:\/\/www.vamosdelongevidade.com.br\/blog\/?p=274"},"modified":"2026-04-02T12:13:44","modified_gmt":"2026-04-02T15:13:44","slug":"reiki-o-que-e-beneficios-e-quem-pode-praticar","status":"publish","type":"post","link":"https:\/\/www.vamosdelongevidade.com.br\/blog\/reiki-o-que-e-beneficios-e-quem-pode-praticar\/","title":{"rendered":"Reiki: o que \u00e9, benef\u00edcios e quem pode praticar"},"content":{"rendered":"\n<p>Nos \u00faltimos anos, o <strong>Reiki<\/strong> tem ganhado cada vez mais espa\u00e7o como uma pr\u00e1tica complementar voltada ao bem-estar f\u00edsico, mental e emocional. Utilizado em diversos pa\u00edses, ele \u00e9 conhecido por promover relaxamento profundo e equil\u00edbrio energ\u00e9tico. Mas afinal, o que \u00e9 Reiki, quais s\u00e3o seus benef\u00edcios e quem pode pratic\u00e1-lo? \u00c9 isso que voc\u00ea vai descobrir a seguir.<\/p>\n\n\n\n<h2 class=\"wp-block-heading\">O que \u00e9 Reiki?<\/h2>\n\n\n\n<p>O Reiki \u00e9 uma t\u00e9cnica terap\u00eautica de origem japonesa que utiliza a <strong>imposi\u00e7\u00e3o das m\u00e3os<\/strong> para canalizar energia vital. A palavra \u201cReiki\u201d vem da jun\u00e7\u00e3o de dois termos japoneses: <em>Rei<\/em> (universal) e <em>Ki<\/em> (energia vital).<br>O objetivo da pr\u00e1tica \u00e9 harmonizar o fluxo de energia do corpo, ajudando a restaurar o equil\u00edbrio natural do organismo.<\/p>\n\n\n\n<p>Durante uma sess\u00e3o, a pessoa permanece sentada ou deitada, enquanto o praticante posiciona as m\u00e3os em pontos espec\u00edficos do corpo, sem a necessidade de toque f\u00edsico direto.<\/p>\n\n\n\n<h3 class=\"wp-block-heading\">Quais s\u00e3o os benef\u00edcios do Reiki?<\/h3>\n\n\n\n<p>O Reiki n\u00e3o substitui tratamentos m\u00e9dicos, mas atua como uma pr\u00e1tica complementar que pode trazer diversos benef\u00edcios, como:<\/p>\n\n\n\n<ul class=\"wp-block-list\">\n<li>Redu\u00e7\u00e3o do estresse e da ansiedade<\/li>\n\n\n\n<li>Sensa\u00e7\u00e3o de relaxamento profundo<\/li>\n\n\n\n<li>Melhora da qualidade do sono<\/li>\n\n\n\n<li>Al\u00edvio de tens\u00f5es emocionais<\/li>\n\n\n\n<li>Aux\u00edlio no equil\u00edbrio emocional e mental<\/li>\n\n\n\n<li>Est\u00edmulo \u00e0 sensa\u00e7\u00e3o de bem-estar geral<\/li>\n<\/ul>\n\n\n\n<p>Muitas pessoas relatam sentir mais calma, clareza mental e leveza ap\u00f3s as sess\u00f5es.<\/p>\n\n\n\n<h4 class=\"wp-block-heading\">Quem pode praticar Reiki?<\/h4>\n\n\n\n<p>Uma das grandes vantagens do Reiki \u00e9 que <strong>qualquer pessoa pode praticar<\/strong>, desde que passe por uma <strong>inicia\u00e7\u00e3o com um mestre habilitado<\/strong>. N\u00e3o \u00e9 necess\u00e1rio ter dom especial, cren\u00e7a religiosa espec\u00edfica ou experi\u00eancia pr\u00e9via com terapias energ\u00e9ticas.<\/p>\n\n\n\n<p>O Reiki \u00e9 dividido em n\u00edveis, e cada um aprofunda o conhecimento e a forma de aplica\u00e7\u00e3o da t\u00e9cnica. Ele pode ser utilizado tanto para <strong>autocuidado<\/strong> quanto para ajudar outras pessoas.<\/p>\n\n\n\n<h3 class=\"wp-block-heading\">O Reiki al\u00e9m do misticismo: O reconhecimento institucional<\/h3>\n\n\n\n<p>Muitos ainda veem o Reiki apenas como uma pr\u00e1tica espiritual ou &#8220;esot\u00e9rica&#8221;, mas a realidade \u00e9 que ele j\u00e1 conquistou um espa\u00e7o respeitado na sa\u00fade p\u00fablica mundial.<\/p>\n\n\n\n<ul class=\"wp-block-list\">\n<li><strong>A Vis\u00e3o da OMS:<\/strong> A Organiza\u00e7\u00e3o Mundial da Sa\u00fade incentiva o uso de terapias tradicionais e complementares como forma de promover o bem-estar biopsicossocial. O Reiki se encaixa nas diretrizes da OMS para a <strong>Medicina Tradicional e Complementar<\/strong>, sendo visto como um aliado importante no cuidado centrado no paciente.<\/li>\n\n\n\n<li><strong>No Brasil (SUS):<\/strong> Por aqui, o reconhecimento \u00e9 ainda mais direto. O Minist\u00e9rio da Sa\u00fade incluiu o Reiki na Pol\u00edtica Nacional de Pr\u00e1ticas Integrativas e Complementares (PNPIC). Isso significa que ele \u00e9 oferecido legalmente pelo <strong>SUS<\/strong> como uma terapia auxiliar.<\/li>\n\n\n\n<li><strong>Ci\u00eancia e Humaniza\u00e7\u00e3o:<\/strong> Hospitais de renome (como o Albert Einstein e o S\u00edrio-Liban\u00eas) j\u00e1 utilizam o Reiki para ajudar a reduzir a ansiedade, a dor e o estresse em pacientes em tratamento oncol\u00f3gico ou pr\u00e9-operat\u00f3rio.<\/li>\n<\/ul>\n\n\n\n<blockquote class=\"wp-block-quote is-layout-flow wp-block-quote-is-layout-flow\">\n<p>O Reiki n\u00e3o substitui o tratamento m\u00e9dico convencional, mas o <strong>potencializa<\/strong>, tratando o indiv\u00edduo de forma integral! corpo, mente e energia.<\/p>\n<\/blockquote>\n\n\n\n<h5 class=\"wp-block-heading\">Reiki \u00e9 seguro?<\/h5>\n\n\n\n<p>Sim, o Reiki \u00e9 considerado uma pr\u00e1tica segura e n\u00e3o invasiva. Ele pode ser aplicado em adultos, idosos e at\u00e9 crian\u00e7as, sempre respeitando o conforto e os limites de cada pessoa.<\/p>\n\n\n\n<h6 class=\"wp-block-heading\">Conclus\u00e3o<\/h6>\n\n\n\n<p>O Reiki \u00e9 uma pr\u00e1tica simples, acess\u00edvel e cada vez mais procurada por quem busca equil\u00edbrio e bem-estar de forma natural. <\/p>\n\n\n\n<p><\/p>\n","protected":false},"excerpt":{"rendered":"<p>Nos \u00faltimos anos, o Reiki tem ganhado cada vez mais espa\u00e7o como uma pr\u00e1tica complementar voltada ao bem-estar f\u00edsico, mental e emocional. Utilizado em diversos pa\u00edses, ele \u00e9 conhecido por promover relaxamento profundo e equil\u00edbrio energ\u00e9tico. Mas afinal, o que \u00e9 Reiki, quais s\u00e3o seus benef\u00edcios e quem pode pratic\u00e1-lo? \u00c9 isso que voc\u00ea vai [&hellip;]<\/p>\n","protected":false},"author":2,"featured_media":327,"comment_status":"open","ping_status":"open","sticky":false,"template":"","format":"standard","meta":{"destaque":"","footnotes":""},"categories":[1],"tags":[25,26],"class_list":["post-274","post","type-post","status-publish","format-standard","has-post-thumbnail","hentry","category-reiki","tag-energia","tag-vitalidade"],"yoast_head":"<!-- This site is optimized with the Yoast SEO plugin v27.3 - https:\/\/yoast.com\/product\/yoast-seo-wordpress\/ -->\n<title>Reiki: o que \u00e9, benef\u00edcios e quem pode praticar - Blog Vamos de Longevidade<\/title>\n<meta name=\"robots\" content=\"index, follow, max-snippet:-1, max-image-preview:large, max-video-preview:-1\" \/>\n<link rel=\"canonical\" href=\"https:\/\/www.vamosdelongevidade.com.br\/blog\/reiki-o-que-e-beneficios-e-quem-pode-praticar\/\" \/>\n<meta property=\"og:locale\" content=\"pt_BR\" \/>\n<meta property=\"og:type\" content=\"article\" \/>\n<meta property=\"og:title\" content=\"Reiki: o que \u00e9, benef\u00edcios e quem pode praticar - Blog Vamos de Longevidade\" \/>\n<meta property=\"og:description\" content=\"Nos \u00faltimos anos, o Reiki tem ganhado cada vez mais espa\u00e7o como uma pr\u00e1tica complementar voltada ao bem-estar f\u00edsico, mental e emocional. Utilizado em diversos pa\u00edses, ele \u00e9 conhecido por promover relaxamento profundo e equil\u00edbrio energ\u00e9tico. Mas afinal, o que \u00e9 Reiki, quais s\u00e3o seus benef\u00edcios e quem pode pratic\u00e1-lo? \u00c9 isso que voc\u00ea vai [&hellip;]\" \/>\n<meta property=\"og:url\" content=\"https:\/\/www.vamosdelongevidade.com.br\/blog\/reiki-o-que-e-beneficios-e-quem-pode-praticar\/\" \/>\n<meta property=\"og:site_name\" content=\"Blog Vamos de Longevidade\" \/>\n<meta property=\"article:publisher\" content=\"https:\/\/www.facebook.com\/vamosdelongevidade\" \/>\n<meta property=\"article:published_time\" content=\"2026-02-15T01:06:54+00:00\" \/>\n<meta property=\"article:modified_time\" content=\"2026-04-02T15:13:44+00:00\" \/>\n<meta property=\"og:image\" content=\"https:\/\/www.vamosdelongevidade.com.br\/blog\/wp-content\/uploads\/2026\/02\/o-que-e-reiki.jpg\" \/>\n\t<meta property=\"og:image:width\" content=\"1200\" \/>\n\t<meta property=\"og:image:height\" content=\"675\" \/>\n\t<meta property=\"og:image:type\" content=\"image\/jpeg\" \/>\n<meta name=\"author\" content=\"Priscila Diana\" \/>\n<meta name=\"twitter:card\" content=\"summary_large_image\" \/>\n<meta name=\"twitter:creator\" content=\"@VDLongevidade\" \/>\n<meta name=\"twitter:site\" content=\"@VDLongevidade\" \/>\n<meta name=\"twitter:label1\" content=\"Escrito por\" \/>\n\t<meta name=\"twitter:data1\" content=\"Priscila Diana\" \/>\n\t<meta name=\"twitter:label2\" content=\"Est. tempo de leitura\" \/>\n\t<meta name=\"twitter:data2\" content=\"3 minutos\" \/>\n<script type=\"application\/ld+json\" class=\"yoast-schema-graph\">{\"@context\":\"https:\\\/\\\/schema.org\",\"@graph\":[{\"@type\":\"Article\",\"@id\":\"https:\\\/\\\/www.vamosdelongevidade.com.br\\\/blog\\\/reiki-o-que-e-beneficios-e-quem-pode-praticar\\\/#article\",\"isPartOf\":{\"@id\":\"https:\\\/\\\/www.vamosdelongevidade.com.br\\\/blog\\\/reiki-o-que-e-beneficios-e-quem-pode-praticar\\\/\"},\"author\":{\"name\":\"Priscila Diana\",\"@id\":\"https:\\\/\\\/www.vamosdelongevidade.com.br\\\/blog\\\/#\\\/schema\\\/person\\\/e363044733616a3342ddb2ff2f367db4\"},\"headline\":\"Reiki: o que \u00e9, benef\u00edcios e quem pode praticar\",\"datePublished\":\"2026-02-15T01:06:54+00:00\",\"dateModified\":\"2026-04-02T15:13:44+00:00\",\"mainEntityOfPage\":{\"@id\":\"https:\\\/\\\/www.vamosdelongevidade.com.br\\\/blog\\\/reiki-o-que-e-beneficios-e-quem-pode-praticar\\\/\"},\"wordCount\":590,\"commentCount\":0,\"publisher\":{\"@id\":\"https:\\\/\\\/www.vamosdelongevidade.com.br\\\/blog\\\/#organization\"},\"image\":{\"@id\":\"https:\\\/\\\/www.vamosdelongevidade.com.br\\\/blog\\\/reiki-o-que-e-beneficios-e-quem-pode-praticar\\\/#primaryimage\"},\"thumbnailUrl\":\"https:\\\/\\\/www.vamosdelongevidade.com.br\\\/blog\\\/wp-content\\\/uploads\\\/2026\\\/02\\\/o-que-e-reiki.jpg\",\"keywords\":[\"energia\",\"vitalidade\"],\"articleSection\":[\"Reiki\"],\"inLanguage\":\"pt-BR\",\"potentialAction\":[{\"@type\":\"CommentAction\",\"name\":\"Comment\",\"target\":[\"https:\\\/\\\/www.vamosdelongevidade.com.br\\\/blog\\\/reiki-o-que-e-beneficios-e-quem-pode-praticar\\\/#respond\"]}]},{\"@type\":\"WebPage\",\"@id\":\"https:\\\/\\\/www.vamosdelongevidade.com.br\\\/blog\\\/reiki-o-que-e-beneficios-e-quem-pode-praticar\\\/\",\"url\":\"https:\\\/\\\/www.vamosdelongevidade.com.br\\\/blog\\\/reiki-o-que-e-beneficios-e-quem-pode-praticar\\\/\",\"name\":\"Reiki: o que \u00e9, benef\u00edcios e quem pode praticar - Blog Vamos de Longevidade\",\"isPartOf\":{\"@id\":\"https:\\\/\\\/www.vamosdelongevidade.com.br\\\/blog\\\/#website\"},\"primaryImageOfPage\":{\"@id\":\"https:\\\/\\\/www.vamosdelongevidade.com.br\\\/blog\\\/reiki-o-que-e-beneficios-e-quem-pode-praticar\\\/#primaryimage\"},\"image\":{\"@id\":\"https:\\\/\\\/www.vamosdelongevidade.com.br\\\/blog\\\/reiki-o-que-e-beneficios-e-quem-pode-praticar\\\/#primaryimage\"},\"thumbnailUrl\":\"https:\\\/\\\/www.vamosdelongevidade.com.br\\\/blog\\\/wp-content\\\/uploads\\\/2026\\\/02\\\/o-que-e-reiki.jpg\",\"datePublished\":\"2026-02-15T01:06:54+00:00\",\"dateModified\":\"2026-04-02T15:13:44+00:00\",\"breadcrumb\":{\"@id\":\"https:\\\/\\\/www.vamosdelongevidade.com.br\\\/blog\\\/reiki-o-que-e-beneficios-e-quem-pode-praticar\\\/#breadcrumb\"},\"inLanguage\":\"pt-BR\",\"potentialAction\":[{\"@type\":\"ReadAction\",\"target\":[\"https:\\\/\\\/www.vamosdelongevidade.com.br\\\/blog\\\/reiki-o-que-e-beneficios-e-quem-pode-praticar\\\/\"]}]},{\"@type\":\"ImageObject\",\"inLanguage\":\"pt-BR\",\"@id\":\"https:\\\/\\\/www.vamosdelongevidade.com.br\\\/blog\\\/reiki-o-que-e-beneficios-e-quem-pode-praticar\\\/#primaryimage\",\"url\":\"https:\\\/\\\/www.vamosdelongevidade.com.br\\\/blog\\\/wp-content\\\/uploads\\\/2026\\\/02\\\/o-que-e-reiki.jpg\",\"contentUrl\":\"https:\\\/\\\/www.vamosdelongevidade.com.br\\\/blog\\\/wp-content\\\/uploads\\\/2026\\\/02\\\/o-que-e-reiki.jpg\",\"width\":1200,\"height\":675},{\"@type\":\"BreadcrumbList\",\"@id\":\"https:\\\/\\\/www.vamosdelongevidade.com.br\\\/blog\\\/reiki-o-que-e-beneficios-e-quem-pode-praticar\\\/#breadcrumb\",\"itemListElement\":[{\"@type\":\"ListItem\",\"position\":1,\"name\":\"In\u00edcio\",\"item\":\"https:\\\/\\\/www.vamosdelongevidade.com.br\\\/blog\\\/\"},{\"@type\":\"ListItem\",\"position\":2,\"name\":\"Reiki: o que \u00e9, benef\u00edcios e quem pode praticar\"}]},{\"@type\":\"WebSite\",\"@id\":\"https:\\\/\\\/www.vamosdelongevidade.com.br\\\/blog\\\/#website\",\"url\":\"https:\\\/\\\/www.vamosdelongevidade.com.br\\\/blog\\\/\",\"name\":\"Blog Vamos de Longevidade\",\"description\":\"Decida agora, comece hoje\",\"publisher\":{\"@id\":\"https:\\\/\\\/www.vamosdelongevidade.com.br\\\/blog\\\/#organization\"},\"potentialAction\":[{\"@type\":\"SearchAction\",\"target\":{\"@type\":\"EntryPoint\",\"urlTemplate\":\"https:\\\/\\\/www.vamosdelongevidade.com.br\\\/blog\\\/?s={search_term_string}\"},\"query-input\":{\"@type\":\"PropertyValueSpecification\",\"valueRequired\":true,\"valueName\":\"search_term_string\"}}],\"inLanguage\":\"pt-BR\"},{\"@type\":\"Organization\",\"@id\":\"https:\\\/\\\/www.vamosdelongevidade.com.br\\\/blog\\\/#organization\",\"name\":\"Blog Vamos de Longevidade\",\"url\":\"https:\\\/\\\/www.vamosdelongevidade.com.br\\\/blog\\\/\",\"logo\":{\"@type\":\"ImageObject\",\"inLanguage\":\"pt-BR\",\"@id\":\"https:\\\/\\\/www.vamosdelongevidade.com.br\\\/blog\\\/#\\\/schema\\\/logo\\\/image\\\/\",\"url\":\"https:\\\/\\\/www.vamosdelongevidade.com.br\\\/blog\\\/wp-content\\\/uploads\\\/2026\\\/02\\\/logo-vdl.png\",\"contentUrl\":\"https:\\\/\\\/www.vamosdelongevidade.com.br\\\/blog\\\/wp-content\\\/uploads\\\/2026\\\/02\\\/logo-vdl.png\",\"width\":768,\"height\":298,\"caption\":\"Blog Vamos de Longevidade\"},\"image\":{\"@id\":\"https:\\\/\\\/www.vamosdelongevidade.com.br\\\/blog\\\/#\\\/schema\\\/logo\\\/image\\\/\"},\"sameAs\":[\"https:\\\/\\\/www.facebook.com\\\/vamosdelongevidade\",\"https:\\\/\\\/x.com\\\/VDLongevidade\",\"https:\\\/\\\/www.instagram.com\\\/vamosdelongevidade\",\"https:\\\/\\\/www.youtube.com\\\/@vamosdelongevidade\",\"https:\\\/\\\/www.tiktok.com\\\/@vamosdelongevidade\",\"https:\\\/\\\/br.pinterest.com\\\/vamosdelongevidade\"]},{\"@type\":\"Person\",\"@id\":\"https:\\\/\\\/www.vamosdelongevidade.com.br\\\/blog\\\/#\\\/schema\\\/person\\\/e363044733616a3342ddb2ff2f367db4\",\"name\":\"Priscila Diana\",\"image\":{\"@type\":\"ImageObject\",\"inLanguage\":\"pt-BR\",\"@id\":\"https:\\\/\\\/www.vamosdelongevidade.com.br\\\/blog\\\/wp-content\\\/uploads\\\/2026\\\/04\\\/priscila-diana.jpg\",\"url\":\"https:\\\/\\\/www.vamosdelongevidade.com.br\\\/blog\\\/wp-content\\\/uploads\\\/2026\\\/04\\\/priscila-diana.jpg\",\"contentUrl\":\"https:\\\/\\\/www.vamosdelongevidade.com.br\\\/blog\\\/wp-content\\\/uploads\\\/2026\\\/04\\\/priscila-diana.jpg\",\"caption\":\"Priscila Diana\"},\"description\":\"Formada em Recursos Humanos, com dois anos de atua\u00e7\u00e3o na \u00e1rea. Desde 2019, facilita processos terap\u00eauticos como Naturopata Hol\u00edstica, consolidando uma bagagem cl\u00ednica que une viv\u00eancia pr\u00e1tica a um m\u00e9todo educativo. P\u00f3s-graduanda em Psican\u00e1lise, Constela\u00e7\u00e3o Familiar e Terapias Naturais, \u00e9 Mestra Reiki e idealizadora do VDL. Sua miss\u00e3o \u00e9 tornar acess\u00edveis informa\u00e7\u00f5es e h\u00e1bitos di\u00e1rios que promovem longevidade e presen\u00e7a de forma hol\u00edstica.\",\"url\":\"https:\\\/\\\/www.vamosdelongevidade.com.br\\\/blog\\\/author\\\/prisciladiana\\\/\"}]}<\/script>\n<!-- \/ Yoast SEO plugin. -->","yoast_head_json":{"title":"Reiki: o que \u00e9, benef\u00edcios e quem pode praticar - Blog Vamos de Longevidade","robots":{"index":"index","follow":"follow","max-snippet":"max-snippet:-1","max-image-preview":"max-image-preview:large","max-video-preview":"max-video-preview:-1"},"canonical":"https:\/\/www.vamosdelongevidade.com.br\/blog\/reiki-o-que-e-beneficios-e-quem-pode-praticar\/","og_locale":"pt_BR","og_type":"article","og_title":"Reiki: o que \u00e9, benef\u00edcios e quem pode praticar - Blog Vamos de Longevidade","og_description":"Nos \u00faltimos anos, o Reiki tem ganhado cada vez mais espa\u00e7o como uma pr\u00e1tica complementar voltada ao bem-estar f\u00edsico, mental e emocional. Utilizado em diversos pa\u00edses, ele \u00e9 conhecido por promover relaxamento profundo e equil\u00edbrio energ\u00e9tico. Mas afinal, o que \u00e9 Reiki, quais s\u00e3o seus benef\u00edcios e quem pode pratic\u00e1-lo? \u00c9 isso que voc\u00ea vai [&hellip;]","og_url":"https:\/\/www.vamosdelongevidade.com.br\/blog\/reiki-o-que-e-beneficios-e-quem-pode-praticar\/","og_site_name":"Blog Vamos de Longevidade","article_publisher":"https:\/\/www.facebook.com\/vamosdelongevidade","article_published_time":"2026-02-15T01:06:54+00:00","article_modified_time":"2026-04-02T15:13:44+00:00","og_image":[{"width":1200,"height":675,"url":"https:\/\/www.vamosdelongevidade.com.br\/blog\/wp-content\/uploads\/2026\/02\/o-que-e-reiki.jpg","type":"image\/jpeg"}],"author":"Priscila Diana","twitter_card":"summary_large_image","twitter_creator":"@VDLongevidade","twitter_site":"@VDLongevidade","twitter_misc":{"Escrito por":"Priscila Diana","Est. tempo de leitura":"3 minutos"},"schema":{"@context":"https:\/\/schema.org","@graph":[{"@type":"Article","@id":"https:\/\/www.vamosdelongevidade.com.br\/blog\/reiki-o-que-e-beneficios-e-quem-pode-praticar\/#article","isPartOf":{"@id":"https:\/\/www.vamosdelongevidade.com.br\/blog\/reiki-o-que-e-beneficios-e-quem-pode-praticar\/"},"author":{"name":"Priscila Diana","@id":"https:\/\/www.vamosdelongevidade.com.br\/blog\/#\/schema\/person\/e363044733616a3342ddb2ff2f367db4"},"headline":"Reiki: o que \u00e9, benef\u00edcios e quem pode praticar","datePublished":"2026-02-15T01:06:54+00:00","dateModified":"2026-04-02T15:13:44+00:00","mainEntityOfPage":{"@id":"https:\/\/www.vamosdelongevidade.com.br\/blog\/reiki-o-que-e-beneficios-e-quem-pode-praticar\/"},"wordCount":590,"commentCount":0,"publisher":{"@id":"https:\/\/www.vamosdelongevidade.com.br\/blog\/#organization"},"image":{"@id":"https:\/\/www.vamosdelongevidade.com.br\/blog\/reiki-o-que-e-beneficios-e-quem-pode-praticar\/#primaryimage"},"thumbnailUrl":"https:\/\/www.vamosdelongevidade.com.br\/blog\/wp-content\/uploads\/2026\/02\/o-que-e-reiki.jpg","keywords":["energia","vitalidade"],"articleSection":["Reiki"],"inLanguage":"pt-BR","potentialAction":[{"@type":"CommentAction","name":"Comment","target":["https:\/\/www.vamosdelongevidade.com.br\/blog\/reiki-o-que-e-beneficios-e-quem-pode-praticar\/#respond"]}]},{"@type":"WebPage","@id":"https:\/\/www.vamosdelongevidade.com.br\/blog\/reiki-o-que-e-beneficios-e-quem-pode-praticar\/","url":"https:\/\/www.vamosdelongevidade.com.br\/blog\/reiki-o-que-e-beneficios-e-quem-pode-praticar\/","name":"Reiki: o que \u00e9, benef\u00edcios e quem pode praticar - Blog Vamos de Longevidade","isPartOf":{"@id":"https:\/\/www.vamosdelongevidade.com.br\/blog\/#website"},"primaryImageOfPage":{"@id":"https:\/\/www.vamosdelongevidade.com.br\/blog\/reiki-o-que-e-beneficios-e-quem-pode-praticar\/#primaryimage"},"image":{"@id":"https:\/\/www.vamosdelongevidade.com.br\/blog\/reiki-o-que-e-beneficios-e-quem-pode-praticar\/#primaryimage"},"thumbnailUrl":"https:\/\/www.vamosdelongevidade.com.br\/blog\/wp-content\/uploads\/2026\/02\/o-que-e-reiki.jpg","datePublished":"2026-02-15T01:06:54+00:00","dateModified":"2026-04-02T15:13:44+00:00","breadcrumb":{"@id":"https:\/\/www.vamosdelongevidade.com.br\/blog\/reiki-o-que-e-beneficios-e-quem-pode-praticar\/#breadcrumb"},"inLanguage":"pt-BR","potentialAction":[{"@type":"ReadAction","target":["https:\/\/www.vamosdelongevidade.com.br\/blog\/reiki-o-que-e-beneficios-e-quem-pode-praticar\/"]}]},{"@type":"ImageObject","inLanguage":"pt-BR","@id":"https:\/\/www.vamosdelongevidade.com.br\/blog\/reiki-o-que-e-beneficios-e-quem-pode-praticar\/#primaryimage","url":"https:\/\/www.vamosdelongevidade.com.br\/blog\/wp-content\/uploads\/2026\/02\/o-que-e-reiki.jpg","contentUrl":"https:\/\/www.vamosdelongevidade.com.br\/blog\/wp-content\/uploads\/2026\/02\/o-que-e-reiki.jpg","width":1200,"height":675},{"@type":"BreadcrumbList","@id":"https:\/\/www.vamosdelongevidade.com.br\/blog\/reiki-o-que-e-beneficios-e-quem-pode-praticar\/#breadcrumb","itemListElement":[{"@type":"ListItem","position":1,"name":"In\u00edcio","item":"https:\/\/www.vamosdelongevidade.com.br\/blog\/"},{"@type":"ListItem","position":2,"name":"Reiki: o que \u00e9, benef\u00edcios e quem pode praticar"}]},{"@type":"WebSite","@id":"https:\/\/www.vamosdelongevidade.com.br\/blog\/#website","url":"https:\/\/www.vamosdelongevidade.com.br\/blog\/","name":"Blog Vamos de Longevidade","description":"Decida agora, comece hoje","publisher":{"@id":"https:\/\/www.vamosdelongevidade.com.br\/blog\/#organization"},"potentialAction":[{"@type":"SearchAction","target":{"@type":"EntryPoint","urlTemplate":"https:\/\/www.vamosdelongevidade.com.br\/blog\/?s={search_term_string}"},"query-input":{"@type":"PropertyValueSpecification","valueRequired":true,"valueName":"search_term_string"}}],"inLanguage":"pt-BR"},{"@type":"Organization","@id":"https:\/\/www.vamosdelongevidade.com.br\/blog\/#organization","name":"Blog Vamos de Longevidade","url":"https:\/\/www.vamosdelongevidade.com.br\/blog\/","logo":{"@type":"ImageObject","inLanguage":"pt-BR","@id":"https:\/\/www.vamosdelongevidade.com.br\/blog\/#\/schema\/logo\/image\/","url":"https:\/\/www.vamosdelongevidade.com.br\/blog\/wp-content\/uploads\/2026\/02\/logo-vdl.png","contentUrl":"https:\/\/www.vamosdelongevidade.com.br\/blog\/wp-content\/uploads\/2026\/02\/logo-vdl.png","width":768,"height":298,"caption":"Blog Vamos de Longevidade"},"image":{"@id":"https:\/\/www.vamosdelongevidade.com.br\/blog\/#\/schema\/logo\/image\/"},"sameAs":["https:\/\/www.facebook.com\/vamosdelongevidade","https:\/\/x.com\/VDLongevidade","https:\/\/www.instagram.com\/vamosdelongevidade","https:\/\/www.youtube.com\/@vamosdelongevidade","https:\/\/www.tiktok.com\/@vamosdelongevidade","https:\/\/br.pinterest.com\/vamosdelongevidade"]},{"@type":"Person","@id":"https:\/\/www.vamosdelongevidade.com.br\/blog\/#\/schema\/person\/e363044733616a3342ddb2ff2f367db4","name":"Priscila Diana","image":{"@type":"ImageObject","inLanguage":"pt-BR","@id":"https:\/\/www.vamosdelongevidade.com.br\/blog\/wp-content\/uploads\/2026\/04\/priscila-diana.jpg","url":"https:\/\/www.vamosdelongevidade.com.br\/blog\/wp-content\/uploads\/2026\/04\/priscila-diana.jpg","contentUrl":"https:\/\/www.vamosdelongevidade.com.br\/blog\/wp-content\/uploads\/2026\/04\/priscila-diana.jpg","caption":"Priscila Diana"},"description":"Formada em Recursos Humanos, com dois anos de atua\u00e7\u00e3o na \u00e1rea. Desde 2019, facilita processos terap\u00eauticos como Naturopata Hol\u00edstica, consolidando uma bagagem cl\u00ednica que une viv\u00eancia pr\u00e1tica a um m\u00e9todo educativo. P\u00f3s-graduanda em Psican\u00e1lise, Constela\u00e7\u00e3o Familiar e Terapias Naturais, \u00e9 Mestra Reiki e idealizadora do VDL. Sua miss\u00e3o \u00e9 tornar acess\u00edveis informa\u00e7\u00f5es e h\u00e1bitos di\u00e1rios que promovem longevidade e presen\u00e7a de forma hol\u00edstica.","url":"https:\/\/www.vamosdelongevidade.com.br\/blog\/author\/prisciladiana\/"}]}},"_links":{"self":[{"href":"https:\/\/www.vamosdelongevidade.com.br\/blog\/wp-json\/wp\/v2\/posts\/274","targetHints":{"allow":["GET"]}}],"collection":[{"href":"https:\/\/www.vamosdelongevidade.com.br\/blog\/wp-json\/wp\/v2\/posts"}],"about":[{"href":"https:\/\/www.vamosdelongevidade.com.br\/blog\/wp-json\/wp\/v2\/types\/post"}],"author":[{"embeddable":true,"href":"https:\/\/www.vamosdelongevidade.com.br\/blog\/wp-json\/wp\/v2\/users\/2"}],"replies":[{"embeddable":true,"href":"https:\/\/www.vamosdelongevidade.com.br\/blog\/wp-json\/wp\/v2\/comments?post=274"}],"version-history":[{"count":8,"href":"https:\/\/www.vamosdelongevidade.com.br\/blog\/wp-json\/wp\/v2\/posts\/274\/revisions"}],"predecessor-version":[{"id":375,"href":"https:\/\/www.vamosdelongevidade.com.br\/blog\/wp-json\/wp\/v2\/posts\/274\/revisions\/375"}],"wp:featuredmedia":[{"embeddable":true,"href":"https:\/\/www.vamosdelongevidade.com.br\/blog\/wp-json\/wp\/v2\/media\/327"}],"wp:attachment":[{"href":"https:\/\/www.vamosdelongevidade.com.br\/blog\/wp-json\/wp\/v2\/media?parent=274"}],"wp:term":[{"taxonomy":"category","embeddable":true,"href":"https:\/\/www.vamosdelongevidade.com.br\/blog\/wp-json\/wp\/v2\/categories?post=274"},{"taxonomy":"post_tag","embeddable":true,"href":"https:\/\/www.vamosdelongevidade.com.br\/blog\/wp-json\/wp\/v2\/tags?post=274"}],"curies":[{"name":"wp","href":"https:\/\/api.w.org\/{rel}","templated":true}]}}